{"id":36854,"date":"2025-04-15T12:14:19","date_gmt":"2025-04-15T10:14:19","guid":{"rendered":"https:\/\/www.studiogera.de\/001\/?p=36854"},"modified":"2025-04-15T12:14:20","modified_gmt":"2025-04-15T10:14:20","slug":"spd-jugend-lehnt-koalitionsvertrag-ab","status":"publish","type":"post","link":"https:\/\/www.studiogera.de\/001\/2025\/04\/15\/spd-jugend-lehnt-koalitionsvertrag-ab\/","title":{"rendered":"SPD-JUGEND LEHNT KOALITIONSVERTRAG AB"},"content":{"rendered":"\n<p>Derzeit befragt die SPD ihre Mitglieder zum ausgehandelten Koalitionsvertrag. Zwar lehnen die Jungsozialisten den Vertrag ab, dennoch rechnet die F\u00fchrung der SPD mit einer breiten Zustimmung. Die Mitglieder der Jugendorganisation sind vor allem mit den Pl\u00e4nen zur Migrations- und Sozialpolitik unzufrieden und fordern Nachverhandlungen. Auch mit den geplanten \u00c4nderungen des Arbeitszeitgesetzes sind sie nicht einverstanden. Lars Klingbeil, Parteivorsitzender der SPD, wirbt bei der Parteibasis f\u00fcr Zustimmung und warnt vor Neuwahlen oder einer Minderheitsregierung f\u00fcr den Fall, dass die geplante Koalition nicht zustande kommt. Trotz des schlechten Wahlergebnisses f\u00fcr die SPD tr\u00e4gt der Vertrag seiner Ansicht nach eine klare sozialdemokratische Handschrift.<\/p>\n\n\n\n<p>Die SPD-Mitglieder k\u00f6nnen zwei Wochen lang \u00fcber den Koalitionsvertrag abstimmen. Das Ergebnis wird am 30. April\u00a0bekanntgegeben. Mindestens 20 % der Mitglieder m\u00fcssen sich an der Abstimmung beteiligen. F\u00fcr die Annahme des Vertrages ist eine Mehrheit notwendig. Die CSU hat den Vertrag bereits per Vorstandsbeschluss angenommen. Bei der CDU f\u00e4llt die Entscheidung am 28. April 2025 in Berlin w\u00e4hrend des \u201ekleinen Parteitages\u201c, der offiziell als Bundesausschuss bezeichnet wird. Der Bundesausschuss ist das zweith\u00f6chste Gremium der CDU nach dem Bundesparteitag.<\/p>\n\n\n\n<p>Die Unterzeichnung des Koalitionsvertrags ist f\u00fcr die Zeit nach Abschluss aller parteiinternen Zustimmungsverfahren vorgesehen. Das wird voraussichtlich Anfang Mai sein.<\/p>\n","protected":false},"excerpt":{"rendered":"<div class=\"mh-excerpt\"><p>Derzeit befragt die SPD ihre Mitglieder zum ausgehandelten Koalitionsvertrag. Zwar lehnen die Jungsozialisten den Vertrag ab, dennoch rechnet die F\u00fchrung der SPD mit einer breiten Zustimmung. Die Mitglieder der Jugendorganisation sind vor allem mit den <a class=\"mh-excerpt-more\" href=\"https:\/\/www.studiogera.de\/001\/2025\/04\/15\/spd-jugend-lehnt-koalitionsvertrag-ab\/\" title=\"SPD-JUGEND LEHNT KOALITIONSVERTRAG AB\">[&#8230;]<\/a><\/p>\n<\/div>","protected":false},"author":2,"featured_media":31832,"comment_status":"open","ping_status":"open","sticky":false,"template":"","format":"standard","meta":{"footnotes":""},"categories":[2],"tags":[],"class_list":{"0":"post-36854","1":"post","2":"type-post","3":"status-publish","4":"format-standard","5":"has-post-thumbnail","7":"category-weltweit"},"_links":{"self":[{"href":"https:\/\/www.studiogera.de\/001\/wp-json\/wp\/v2\/posts\/36854","targetHints":{"allow":["GET"]}}],"collection":[{"href":"https:\/\/www.studiogera.de\/001\/wp-json\/wp\/v2\/posts"}],"about":[{"href":"https:\/\/www.studiogera.de\/001\/wp-json\/wp\/v2\/types\/post"}],"author":[{"embeddable":true,"href":"https:\/\/www.studiogera.de\/001\/wp-json\/wp\/v2\/users\/2"}],"replies":[{"embeddable":true,"href":"https:\/\/www.studiogera.de\/001\/wp-json\/wp\/v2\/comments?post=36854"}],"version-history":[{"count":1,"href":"https:\/\/www.studiogera.de\/001\/wp-json\/wp\/v2\/posts\/36854\/revisions"}],"predecessor-version":[{"id":36855,"href":"https:\/\/www.studiogera.de\/001\/wp-json\/wp\/v2\/posts\/36854\/revisions\/36855"}],"wp:featuredmedia":[{"embeddable":true,"href":"https:\/\/www.studiogera.de\/001\/wp-json\/wp\/v2\/media\/31832"}],"wp:attachment":[{"href":"https:\/\/www.studiogera.de\/001\/wp-json\/wp\/v2\/media?parent=36854"}],"wp:term":[{"taxonomy":"category","embeddable":true,"href":"https:\/\/www.studiogera.de\/001\/wp-json\/wp\/v2\/categories?post=36854"},{"taxonomy":"post_tag","embeddable":true,"href":"https:\/\/www.studiogera.de\/001\/wp-json\/wp\/v2\/tags?post=36854"}],"curies":[{"name":"wp","href":"https:\/\/api.w.org\/{rel}","templated":true}]}}