{"id":36970,"date":"2025-04-24T23:52:35","date_gmt":"2025-04-24T21:52:35","guid":{"rendered":"https:\/\/www.studiogera.de\/001\/?p=36970"},"modified":"2025-04-24T23:52:36","modified_gmt":"2025-04-24T21:52:36","slug":"philharmonisches-konzert-mit-werken-von-mahler-und-strauss","status":"publish","type":"post","link":"https:\/\/www.studiogera.de\/001\/2025\/04\/24\/philharmonisches-konzert-mit-werken-von-mahler-und-strauss\/","title":{"rendered":"PHILHARMONISCHES KONZERT MIT WERKEN VON MAHLER UND STRAUSS"},"content":{"rendered":"\n<p>Das Philharmonische Orchester Altenburg Gera l\u00e4dt zu einem beeindruckenden Konzertabend mit Werken von Gustav Mahler und Richard Strauss ein. Unter der Leitung von GMD Ruben Gazarian stehen zwei Meisterwerke der Musikgeschichte auf dem Programm.<\/p>\n\n\n\n<p><strong>Mahler: \u201eDes Knaben Wunderhorn\u201c \u2013 Poesie in Musik<\/strong><\/p>\n\n\n\n<p>Die Lieder aus der ber\u00fchmten Volksliedsammlung \u201eDes Knaben Wunderhorn\u201c erz\u00e4hlen von Liebe, Sehnsucht und Schicksal. Mal heiter, mal melancholisch \u2013 Mahlers Musik bringt die Geschichten auf einzigartige Weise zum Klingen. Die Solisten Julia Domke (Sopran) und Alejandro L\u00e1rraga Schleske (Bariton) verleihen den Liedern eine besondere emotionale Tiefe.<\/p>\n\n\n\n<p><strong>Strauss: \u201eAlso sprach Zarathustra\u201c \u2013 Musik mit G\u00e4nsehaut-Moment<\/strong><\/p>\n\n\n\n<p>Schon die ersten T\u00f6ne dieses Werks sind weltber\u00fchmt \u2013 bekannt aus Stanley Kubricks Film \u201e2001: Odyssee im Weltraum\u201c. Strauss\u2019 Tondichtung beeindruckt mit kraftvollen Orchesterkl\u00e4ngen und stellt gro\u00dfe Fragen: Wer sind wir? Wohin gehen wir? Ein packendes Musikerlebnis voller Dynamik und Kontraste.<\/p>\n\n\n\n<p><strong>Termine<\/strong><br>Mittwoch, 7. Mai 2025, 19.30 Uhr im Konzertsaal Gera<br>Donnerstag, 8. Mai 2025, 19.30 Uhr im Konzertsaal Gera<br>Freitag, 9. Mai 2025, 19.30 Uhr im Theaterzelt Altenburg<\/p>\n\n\n\n<p>Eintrittskarten sind an den Theaterkassen sowie \u00fcber die Webseite des Theaters erh\u00e4ltlich. Diese sind unter der Rufnummer 0365 8279105 bzw. 03447 585160 sowie \u00fcber \u201ehttps:\/\/theater-altenburg-gera.de\/\u201d erreichbar.<\/p>\n\n\n\n<p>QUELLE: THEATER ALTENBURG GERA GGMBH<\/p>\n","protected":false},"excerpt":{"rendered":"<div class=\"mh-excerpt\"><p>Das Philharmonische Orchester Altenburg Gera l\u00e4dt zu einem beeindruckenden Konzertabend mit Werken von Gustav Mahler und Richard Strauss ein. Unter der Leitung von GMD Ruben Gazarian stehen zwei Meisterwerke der Musikgeschichte auf dem Programm. Mahler: <a class=\"mh-excerpt-more\" href=\"https:\/\/www.studiogera.de\/001\/2025\/04\/24\/philharmonisches-konzert-mit-werken-von-mahler-und-strauss\/\" title=\"PHILHARMONISCHES KONZERT MIT WERKEN VON MAHLER UND STRAUSS\">[&#8230;]<\/a><\/p>\n<\/div>","protected":false},"author":2,"featured_media":36971,"comment_status":"open","ping_status":"open","sticky":false,"template":"","format":"standard","meta":{"footnotes":""},"categories":[15],"tags":[],"class_list":{"0":"post-36970","1":"post","2":"type-post","3":"status-publish","4":"format-standard","5":"has-post-thumbnail","7":"category-theater"},"_links":{"self":[{"href":"https:\/\/www.studiogera.de\/001\/wp-json\/wp\/v2\/posts\/36970","targetHints":{"allow":["GET"]}}],"collection":[{"href":"https:\/\/www.studiogera.de\/001\/wp-json\/wp\/v2\/posts"}],"about":[{"href":"https:\/\/www.studiogera.de\/001\/wp-json\/wp\/v2\/types\/post"}],"author":[{"embeddable":true,"href":"https:\/\/www.studiogera.de\/001\/wp-json\/wp\/v2\/users\/2"}],"replies":[{"embeddable":true,"href":"https:\/\/www.studiogera.de\/001\/wp-json\/wp\/v2\/comments?post=36970"}],"version-history":[{"count":1,"href":"https:\/\/www.studiogera.de\/001\/wp-json\/wp\/v2\/posts\/36970\/revisions"}],"predecessor-version":[{"id":36972,"href":"https:\/\/www.studiogera.de\/001\/wp-json\/wp\/v2\/posts\/36970\/revisions\/36972"}],"wp:featuredmedia":[{"embeddable":true,"href":"https:\/\/www.studiogera.de\/001\/wp-json\/wp\/v2\/media\/36971"}],"wp:attachment":[{"href":"https:\/\/www.studiogera.de\/001\/wp-json\/wp\/v2\/media?parent=36970"}],"wp:term":[{"taxonomy":"category","embeddable":true,"href":"https:\/\/www.studiogera.de\/001\/wp-json\/wp\/v2\/categories?post=36970"},{"taxonomy":"post_tag","embeddable":true,"href":"https:\/\/www.studiogera.de\/001\/wp-json\/wp\/v2\/tags?post=36970"}],"curies":[{"name":"wp","href":"https:\/\/api.w.org\/{rel}","templated":true}]}}