{"id":371,"date":"2015-12-30T19:00:10","date_gmt":"2015-12-30T18:00:10","guid":{"rendered":"http:\/\/www.studiogera.de\/001\/?p=371"},"modified":"2018-12-03T21:41:31","modified_gmt":"2018-12-03T20:41:31","slug":"letzte-mittelwellensender-werden-abgeschaltet","status":"publish","type":"post","link":"https:\/\/www.studiogera.de\/001\/2015\/12\/30\/letzte-mittelwellensender-werden-abgeschaltet\/","title":{"rendered":"LETZTE MITTELWELLENSENDER WERDEN ABGESCHALTET"},"content":{"rendered":"<p>Am Donnerstag, den 31. Dezember 2015, geht ein St\u00fcck Rundfunkgeschichte zu Ende. Sowohl der Deutschlandfunk als auch RTL stellen ihren Mittelwellenbetrieb ein. Die beiden Anstalten sind die letzten, die leistungsstarke Mittelwellensender zur Verbreitung ihrer Programme in Deutschland einsetzen. W\u00e4hrend RTL seine finanziell profitable Anlage im Luxemburgischen Marnach wider Willen stilllegen muss, setzt man beim Deutschlandfunk auf DAB plus als neuen \u00dcbertragungsweg. Wer nocheinmal den nostalgischen Mittelwellenklang erleben m\u00f6chte, dem bietet sich am 31. Dezember zum letzten mal die Gelegenheit. W\u00e4hrend der DLF noch ganztags zu h\u00f6ren ist (549 kHz, 756 kHz, 1269 kHz, 1422 kHz), strahlt RTL nur noch von 18 Uhr bis 19.30 Uhr seine eigene Sendung \u00fcber die Frequenz 1440 Kilohertz aus. Viele andere Radioprogramme, die einst auf Mittelwelle zu h\u00f6ren waren, sind inzwischen abgeschaltet.<\/p>\n<p>Die Mittelwelle ist der \u00e4lteste analoge \u00dcbertragungsweg f\u00fcr Radioprogramme. Ihr Vorteil liegt darin, dass sie mit einfachsten technischen Mitteln empfangen werden kann. Zudem sind gro\u00dfe Reichweiten m\u00f6glich. Nachteile sind der hohe Energieaufwand beim Senden sowie die schlechtere Tonqualit\u00e4t an den Radioempfangsger\u00e4ten.<\/p>\n<p>Mehr zum Thema finden Sie in der Zeitung <a href=\"http:\/\/www.studiogera.de\/001\/wp-content\/uploads\/2017\/05\/mittelwelle.pdf\">\u201eTageblatt\u201d, Seite 8,<\/a> vom 18. Dezember 2015.<\/p>\n","protected":false},"excerpt":{"rendered":"<div class=\"mh-excerpt\"><p>Am Donnerstag, den 31. Dezember 2015, geht ein St\u00fcck Rundfunkgeschichte zu Ende. Sowohl der Deutschlandfunk als auch RTL stellen ihren Mittelwellenbetrieb ein. Die beiden Anstalten sind die letzten, die leistungsstarke Mittelwellensender zur Verbreitung ihrer Programme <a class=\"mh-excerpt-more\" href=\"https:\/\/www.studiogera.de\/001\/2015\/12\/30\/letzte-mittelwellensender-werden-abgeschaltet\/\" title=\"LETZTE MITTELWELLENSENDER WERDEN ABGESCHALTET\">[&#8230;]<\/a><\/p>\n<\/div>","protected":false},"author":1,"featured_media":373,"comment_status":"open","ping_status":"open","sticky":false,"template":"","format":"standard","meta":{"footnotes":""},"categories":[17],"tags":[],"class_list":{"0":"post-371","1":"post","2":"type-post","3":"status-publish","4":"format-standard","5":"has-post-thumbnail","7":"category-medien"},"_links":{"self":[{"href":"https:\/\/www.studiogera.de\/001\/wp-json\/wp\/v2\/posts\/371","targetHints":{"allow":["GET"]}}],"collection":[{"href":"https:\/\/www.studiogera.de\/001\/wp-json\/wp\/v2\/posts"}],"about":[{"href":"https:\/\/www.studiogera.de\/001\/wp-json\/wp\/v2\/types\/post"}],"author":[{"embeddable":true,"href":"https:\/\/www.studiogera.de\/001\/wp-json\/wp\/v2\/users\/1"}],"replies":[{"embeddable":true,"href":"https:\/\/www.studiogera.de\/001\/wp-json\/wp\/v2\/comments?post=371"}],"version-history":[{"count":2,"href":"https:\/\/www.studiogera.de\/001\/wp-json\/wp\/v2\/posts\/371\/revisions"}],"predecessor-version":[{"id":5520,"href":"https:\/\/www.studiogera.de\/001\/wp-json\/wp\/v2\/posts\/371\/revisions\/5520"}],"wp:featuredmedia":[{"embeddable":true,"href":"https:\/\/www.studiogera.de\/001\/wp-json\/wp\/v2\/media\/373"}],"wp:attachment":[{"href":"https:\/\/www.studiogera.de\/001\/wp-json\/wp\/v2\/media?parent=371"}],"wp:term":[{"taxonomy":"category","embeddable":true,"href":"https:\/\/www.studiogera.de\/001\/wp-json\/wp\/v2\/categories?post=371"},{"taxonomy":"post_tag","embeddable":true,"href":"https:\/\/www.studiogera.de\/001\/wp-json\/wp\/v2\/tags?post=371"}],"curies":[{"name":"wp","href":"https:\/\/api.w.org\/{rel}","templated":true}]}}