{"id":37130,"date":"2025-05-05T20:32:31","date_gmt":"2025-05-05T18:32:31","guid":{"rendered":"https:\/\/www.studiogera.de\/001\/?p=37130"},"modified":"2025-05-05T20:32:32","modified_gmt":"2025-05-05T18:32:32","slug":"tag-der-staedtebaufoerderung-am-10-mai-2025","status":"publish","type":"post","link":"https:\/\/www.studiogera.de\/001\/2025\/05\/05\/tag-der-staedtebaufoerderung-am-10-mai-2025\/","title":{"rendered":"TAG DER ST\u00c4DTEBAUF\u00d6RDERUNG AM 10. MAI 2025"},"content":{"rendered":"\n<p>Am Samstag, den 10. Mai 2025, findet deutschlandweit wieder der Tag der St\u00e4dtebauf\u00f6rderung statt, an dem sich auch Gera zum wiederholten Male beteiligt, um Stadtentwicklung f\u00fcr die Allgemeinheit greifbar zu machen. Anl\u00e4sslich dieses Tages berichtet die Stadt Gera in einer Informationsveranstaltung \u00fcber das Schwerpunktprojekt Bildungscampus Lusan, zu der alle interessierten B\u00fcrgerinnen und B\u00fcrger eingeladen sind. Diese beginnt um 10 Uhr in der Wilhelm-Busch-Grundschule.<\/p>\n\n\n\n<p><strong>Lusan<\/strong><\/p>\n\n\n\n<p>Derzeit werden Rohbauarbeiten zur Errichtung der Anbauten und Erg\u00e4nzungsbauten f\u00fcr die 4. Regelschule realisiert. Die Firmen Baumann Bauunternehmen GmbH und Bauunternehmen Hans M\u00fcller GmbH arbeiten auf dem Baufeld. Ende M\u00e4rz wurde planm\u00e4\u00dfig das Ger\u00fcst im Bereich des Haupthauses der Regelschule gestellt, um mit den Arbeiten an der Sanierung der Geb\u00e4udeh\u00fclle zu beginnen. Die Stadt Gera hat derzeit bereits 40 bauausf\u00fchrende Firmen f\u00fcr die Umsetzung der Bauaufgabe beauftragt. Das Planungsteam arbeitet intensiv an der Ausf\u00fchrungsplanung f\u00fcr den zweiten Bauabschnitt, in dem das Geb\u00e4ude Elsterberger Stra\u00dfe 6 zur Nutzung f\u00fcr den Ganztagesbetrieb der Wilhelm-Busch-Grundschule entwickelt wird. In diesem Zusammenhang soll auch ein Abschnitt der Saalfelder Stra\u00dfe umgestaltet werden und der Boulevard am zuk\u00fcnftigen Haupteingang des Schulstandortes modifiziert werden.<\/p>\n\n\n\n<p>Ab etwa 11 Uhr folgt ein Stadtteilspaziergang durch Lusan. Stationen sind Projekte an der Kreuzung N\u00fcrnberger Stra\u00dfe\/Zeulsdorfer Stra\u00dfe, die Fu\u00dfg\u00e4ngerbr\u00fccke und die\u00a0 Hochwasserschutzma\u00dfnahme zwischen B 92 und der Wei\u00dfen Elster.<\/p>\n\n\n\n<p><strong>Osterstein<\/strong><\/p>\n\n\n\n<p>Eine weitere Station befindet sich an diesem Tag auf dem Osterstein. Ab 12.30 Uhr k\u00f6nnen alle Interessierten an einer F\u00fchrung \u00fcber das Areal teilnehmen, in der \u00fcber die aktuellen Fortschritte informiert wird. Seit 2023 unterst\u00fctzt die Stadt Gera die privaten Bauherren mit St\u00e4dtebauf\u00f6rdermitteln aus dem Bund-L\u00e4nder-Programm zur Sicherung des Nordfl\u00fcgels. Im ersten Abschnitt wurde der Bauk\u00f6rper eines Teilbereiches des Nordfl\u00fcgels von 1702 mit ehemaliger Schlossk\u00fcche freigelegt und statisch gesichert. Gleiches gilt f\u00fcr das verbliebene Einfahrtsgeschoss mit Eingangshalle und Hofstube des alten Torhauses aus dem 17. Jahrhundert. Im n\u00e4chsten Schritt soll neben weiteren Sanierungsma\u00dfnahmen am freigelegten Mauerwerk auch eine Teilausschachtung der teilverf\u00fcllten Kellerebene erfolgen. Zudem ist eine Gel\u00e4ndemodellierung im Anschluss an das Terrassencaf\u00e9 geplant. Dabei werden auch Bauteile der historischen Mauern der Torgasse gesichert. \u00dcber diese soll sp\u00e4ter ein Verbindungsweg zwischen dem Oberen und dem Unteren Schlosshof entstehen, wobei der urspr\u00fcngliche Wegelauf vom oberen Schlosshof aufgegriffen werden soll.<\/p>\n\n\n\n<p><strong>Hintergrund<\/strong><\/p>\n\n\n\n<p>Die St\u00e4dtebauf\u00f6rderung ist f\u00fcr Gera seit der Wiedervereinigung eine wichtige Finanzierungsgrundlage der Stadterneuerung. Heute lebt jeder zweite Geraer in einem gef\u00f6rderten Gebiet. Zu diesen geh\u00f6ren die Sanierungsgebiete \u201eAlt-Untermhaus\u201c, \u201eOstviertel\/s\u00fcdl. Innenstadt\u201c, \u201eStadtzentrum\u201c und die Stadtumbaugebiete \u201eNordviertel\u201c, \u201eLusan\u201c und \u201eBieblach-Ost\/Bieblacher Hang\u201c. Der bundesweite Aktionstag ist dabei eine gemeinsame Initiative des Bundesministeriums f\u00fcr Wohnen, Stadtentwicklung und Bauwesen, der L\u00e4nder, des Deutschen St\u00e4dtetages und des Deutschen St\u00e4dte- und Gemeindebundes zur St\u00e4rkung der Beteiligung der B\u00fcrger bei Vorhaben der St\u00e4dtebauf\u00f6rderung.<\/p>\n\n\n\n<p>QUELLE: STADTVERWALTUNG<\/p>\n","protected":false},"excerpt":{"rendered":"<div class=\"mh-excerpt\"><p>Am Samstag, den 10. Mai 2025, findet deutschlandweit wieder der Tag der St\u00e4dtebauf\u00f6rderung statt, an dem sich auch Gera zum wiederholten Male beteiligt, um Stadtentwicklung f\u00fcr die Allgemeinheit greifbar zu machen. Anl\u00e4sslich dieses Tages berichtet <a class=\"mh-excerpt-more\" href=\"https:\/\/www.studiogera.de\/001\/2025\/05\/05\/tag-der-staedtebaufoerderung-am-10-mai-2025\/\" title=\"TAG DER ST\u00c4DTEBAUF\u00d6RDERUNG AM 10. MAI 2025\">[&#8230;]<\/a><\/p>\n<\/div>","protected":false},"author":2,"featured_media":37132,"comment_status":"open","ping_status":"open","sticky":false,"template":"","format":"standard","meta":{"footnotes":""},"categories":[8],"tags":[],"class_list":{"0":"post-37130","1":"post","2":"type-post","3":"status-publish","4":"format-standard","5":"has-post-thumbnail","7":"category-kultur"},"_links":{"self":[{"href":"https:\/\/www.studiogera.de\/001\/wp-json\/wp\/v2\/posts\/37130","targetHints":{"allow":["GET"]}}],"collection":[{"href":"https:\/\/www.studiogera.de\/001\/wp-json\/wp\/v2\/posts"}],"about":[{"href":"https:\/\/www.studiogera.de\/001\/wp-json\/wp\/v2\/types\/post"}],"author":[{"embeddable":true,"href":"https:\/\/www.studiogera.de\/001\/wp-json\/wp\/v2\/users\/2"}],"replies":[{"embeddable":true,"href":"https:\/\/www.studiogera.de\/001\/wp-json\/wp\/v2\/comments?post=37130"}],"version-history":[{"count":2,"href":"https:\/\/www.studiogera.de\/001\/wp-json\/wp\/v2\/posts\/37130\/revisions"}],"predecessor-version":[{"id":37133,"href":"https:\/\/www.studiogera.de\/001\/wp-json\/wp\/v2\/posts\/37130\/revisions\/37133"}],"wp:featuredmedia":[{"embeddable":true,"href":"https:\/\/www.studiogera.de\/001\/wp-json\/wp\/v2\/media\/37132"}],"wp:attachment":[{"href":"https:\/\/www.studiogera.de\/001\/wp-json\/wp\/v2\/media?parent=37130"}],"wp:term":[{"taxonomy":"category","embeddable":true,"href":"https:\/\/www.studiogera.de\/001\/wp-json\/wp\/v2\/categories?post=37130"},{"taxonomy":"post_tag","embeddable":true,"href":"https:\/\/www.studiogera.de\/001\/wp-json\/wp\/v2\/tags?post=37130"}],"curies":[{"name":"wp","href":"https:\/\/api.w.org\/{rel}","templated":true}]}}