{"id":37134,"date":"2025-05-06T09:10:52","date_gmt":"2025-05-06T07:10:52","guid":{"rendered":"https:\/\/www.studiogera.de\/001\/?p=37134"},"modified":"2025-05-06T09:10:53","modified_gmt":"2025-05-06T07:10:53","slug":"elisabeth-kaiser-wird-neue-ostbeauftragte-der-bundesregierung","status":"publish","type":"post","link":"https:\/\/www.studiogera.de\/001\/2025\/05\/06\/elisabeth-kaiser-wird-neue-ostbeauftragte-der-bundesregierung\/","title":{"rendered":"ELISABETH KAISER WIRD NEUE OSTBEAUFTRAGTE DER BUNDESREGIERUNG"},"content":{"rendered":"\n<p>Elisabeth Kaiser (SPD), die zuletzt Mitglied des Geraer Stadtrates und in der vergangenen Legislaturperiode auf Bundesebene als Parlamentarische Staatssekret\u00e4rin schon mehrere Jahre im Ministerium f\u00fcr Wohnen, Stadtentwicklung und Bauwesen (BMWSB) t\u00e4tig war, wird nun auch in der neuen Bundesregierung ein wichtiges Regierungsamt einnehmen. Die Stadt Gera freut sich \u00fcber die Ernennung der Geraerin zur neuen Ostbeauftragten der Bundesregierung. In dieser Position wird sie die Interessen und Anliegen der ostdeutschen Bundesl\u00e4nder auf nationaler Ebene vertreten. Zudem spielt die Ostbeauftragte eine wichtige Rolle bei der Koordinierung von F\u00f6rderprogrammen, der wirtschaftlichen Entwicklung und Infrastrukturprojekten, um die Angleichung der Lebensverh\u00e4ltnisse zwischen den alten und neuen Bundesl\u00e4ndern zu unterst\u00fctzen.<\/p>\n\n\n\n<p>Oberb\u00fcrgermeister Kurt Dannenberg gratuliert der frisch ernannten Staatsministerin zu ihrem neuen Amt<\/p>\n\n\n\n<blockquote class=\"wp-block-quote is-layout-flow wp-block-quote-is-layout-flow\">\n<p>\u201eIm Namen der Stadt gratuliere ich Elisabeth Kaiser zur Ernennung. Die politische Pr\u00e4senz Geras in der neuen Bundesregierung ist f\u00fcr unsere Stadt zweifellos von Vorteil. Mit ihrer langj\u00e4hrigen Erfahrung und ihrem Engagement f\u00fcr die Belange unserer Region und ganz Ostdeutschland wird Elisabeth Kaiser eine wichtige Stimme in der Bundesregierung sein.\u201c<\/p>\n<\/blockquote>\n\n\n\n<p>Elisabeth Kaiser, die im April 2025 aus der Fraktion SPD\u2014B\u00fcndnis 90\/Gr\u00fcne\u2014Die Partei\u2014Liberale Allianz des Geraer Stadtrates ausschied, hat in ihrer Zeit im Stadtrat sowie als Vertreterin in mehreren Aussch\u00fcssen ihre kommunalen Ziele, f\u00fcr die sie sich bundespolitisch bereits seit 2017 einsetzt, in die Lokalpolitik eingebracht. Hier setzte sie an ihre bisherigen Erfolge, wie den vielf\u00e4ltigen Zusagen f\u00fcr F\u00f6rdermittel, unter anderem f\u00fcr die Sanierung des Kultur- und Kongresszentrums, f\u00fcr den Bildungscampus Lusan oder die Sanierung der Puppenb\u00fchne, an. Sie wird als neue Ostbeauftragte der Bundesregierung im Finanzministerium in Berlin angesiedelt sein.<\/p>\n\n\n\n<p>QUELLE: STADTVERWALTUNG<\/p>\n","protected":false},"excerpt":{"rendered":"<div class=\"mh-excerpt\"><p>Elisabeth Kaiser (SPD), die zuletzt Mitglied des Geraer Stadtrates und in der vergangenen Legislaturperiode auf Bundesebene als Parlamentarische Staatssekret\u00e4rin schon mehrere Jahre im Ministerium f\u00fcr Wohnen, Stadtentwicklung und Bauwesen (BMWSB) t\u00e4tig war, wird nun auch <a class=\"mh-excerpt-more\" href=\"https:\/\/www.studiogera.de\/001\/2025\/05\/06\/elisabeth-kaiser-wird-neue-ostbeauftragte-der-bundesregierung\/\" title=\"ELISABETH KAISER WIRD NEUE OSTBEAUFTRAGTE DER BUNDESREGIERUNG\">[&#8230;]<\/a><\/p>\n<\/div>","protected":false},"author":2,"featured_media":37135,"comment_status":"open","ping_status":"open","sticky":false,"template":"","format":"standard","meta":{"footnotes":""},"categories":[2],"tags":[],"class_list":{"0":"post-37134","1":"post","2":"type-post","3":"status-publish","4":"format-standard","5":"has-post-thumbnail","7":"category-weltweit"},"_links":{"self":[{"href":"https:\/\/www.studiogera.de\/001\/wp-json\/wp\/v2\/posts\/37134","targetHints":{"allow":["GET"]}}],"collection":[{"href":"https:\/\/www.studiogera.de\/001\/wp-json\/wp\/v2\/posts"}],"about":[{"href":"https:\/\/www.studiogera.de\/001\/wp-json\/wp\/v2\/types\/post"}],"author":[{"embeddable":true,"href":"https:\/\/www.studiogera.de\/001\/wp-json\/wp\/v2\/users\/2"}],"replies":[{"embeddable":true,"href":"https:\/\/www.studiogera.de\/001\/wp-json\/wp\/v2\/comments?post=37134"}],"version-history":[{"count":1,"href":"https:\/\/www.studiogera.de\/001\/wp-json\/wp\/v2\/posts\/37134\/revisions"}],"predecessor-version":[{"id":37136,"href":"https:\/\/www.studiogera.de\/001\/wp-json\/wp\/v2\/posts\/37134\/revisions\/37136"}],"wp:featuredmedia":[{"embeddable":true,"href":"https:\/\/www.studiogera.de\/001\/wp-json\/wp\/v2\/media\/37135"}],"wp:attachment":[{"href":"https:\/\/www.studiogera.de\/001\/wp-json\/wp\/v2\/media?parent=37134"}],"wp:term":[{"taxonomy":"category","embeddable":true,"href":"https:\/\/www.studiogera.de\/001\/wp-json\/wp\/v2\/categories?post=37134"},{"taxonomy":"post_tag","embeddable":true,"href":"https:\/\/www.studiogera.de\/001\/wp-json\/wp\/v2\/tags?post=37134"}],"curies":[{"name":"wp","href":"https:\/\/api.w.org\/{rel}","templated":true}]}}