{"id":37201,"date":"2025-05-10T01:07:52","date_gmt":"2025-05-09T23:07:52","guid":{"rendered":"https:\/\/www.studiogera.de\/001\/?p=37201"},"modified":"2025-05-10T01:07:53","modified_gmt":"2025-05-09T23:07:53","slug":"verkehrseinschraenkungen-aufgrund-fahrradveranstaltung","status":"publish","type":"post","link":"https:\/\/www.studiogera.de\/001\/2025\/05\/10\/verkehrseinschraenkungen-aufgrund-fahrradveranstaltung\/","title":{"rendered":"VERKEHRSEINSCHR\u00c4NKUNGEN AUFGRUND FAHRRADVERANSTALTUNG"},"content":{"rendered":"\n<p>Am Samstag, den 10. Mai 2025, findet im Rahmen des Fahrradfr\u00fchlings eine durch den Landesverband Th\u00fcringen e. V. des Allgemeinen Deutschen Fahrradclubs organisierte Radtour mit etwa einhundert Radfahrern durch Gera statt. Die Stadtverwaltung erwartet in diesem Zusammenhang kurze Einschr\u00e4nkungen im Stra\u00dfenverkehr.<\/p>\n\n\n\n<p>In dem Zeitraum von 14.30 Uhr bis 16 Uhr verl\u00e4uft die Route nach derzeitigem Stand \u00fcber folgende Stra\u00dfen:<\/p>\n\n\n\n<p>KUK-Vorplatz\u2014Dr.-Eckener-Stra\u00dfe\u2014Rudolf-Diener-Stra\u00dfe\u2014Humboldtstra\u00dfe\u2014Clara-Zetkin-Stra\u00dfe\u2014Gagarinstra\u00dfe\u2014Stra\u00dfe des Bergmanns\u2014Altenburger Stra\u00dfe\u2014Ziegelberg\u2014Gagarinstra\u00dfe\u2014Clara-Zetkin-Stra\u00dfe\u2014Zabelstra\u00dfe\u2014Friedrich-Engels-Stra\u00dfe\u2014Bahnhofstra\u00dfe\u2014Ernst-Toller-Stra\u00dfe\u2014De-Smit-Stra\u00dfe\u2014Hainstra\u00dfe\u2014Talstra\u00dfe\u2014Sachsenplatz\u2014Erfurtstra\u00dfe\u2014Reichsstra\u00dfe\u2014Breitscheidstra\u00dfe\u2014Dr.-Eckener-Stra\u00dfe\u2014KUK-Vorplatz<\/p>\n\n\n\n<p>Die Stadtverwaltung bittet alle Verkehrsteilnehmer um Beachtung.<\/p>\n","protected":false},"excerpt":{"rendered":"<div class=\"mh-excerpt\"><p>Am Samstag, den 10. Mai 2025, findet im Rahmen des Fahrradfr\u00fchlings eine durch den Landesverband Th\u00fcringen e. V. des Allgemeinen Deutschen Fahrradclubs organisierte Radtour mit etwa einhundert Radfahrern durch Gera statt. Die Stadtverwaltung erwartet in <a class=\"mh-excerpt-more\" href=\"https:\/\/www.studiogera.de\/001\/2025\/05\/10\/verkehrseinschraenkungen-aufgrund-fahrradveranstaltung\/\" title=\"VERKEHRSEINSCHR\u00c4NKUNGEN AUFGRUND FAHRRADVERANSTALTUNG\">[&#8230;]<\/a><\/p>\n<\/div>","protected":false},"author":2,"featured_media":31498,"comment_status":"open","ping_status":"open","sticky":false,"template":"","format":"standard","meta":{"footnotes":""},"categories":[16],"tags":[],"class_list":{"0":"post-37201","1":"post","2":"type-post","3":"status-publish","4":"format-standard","5":"has-post-thumbnail","7":"category-kurzmitteilungen"},"_links":{"self":[{"href":"https:\/\/www.studiogera.de\/001\/wp-json\/wp\/v2\/posts\/37201","targetHints":{"allow":["GET"]}}],"collection":[{"href":"https:\/\/www.studiogera.de\/001\/wp-json\/wp\/v2\/posts"}],"about":[{"href":"https:\/\/www.studiogera.de\/001\/wp-json\/wp\/v2\/types\/post"}],"author":[{"embeddable":true,"href":"https:\/\/www.studiogera.de\/001\/wp-json\/wp\/v2\/users\/2"}],"replies":[{"embeddable":true,"href":"https:\/\/www.studiogera.de\/001\/wp-json\/wp\/v2\/comments?post=37201"}],"version-history":[{"count":1,"href":"https:\/\/www.studiogera.de\/001\/wp-json\/wp\/v2\/posts\/37201\/revisions"}],"predecessor-version":[{"id":37202,"href":"https:\/\/www.studiogera.de\/001\/wp-json\/wp\/v2\/posts\/37201\/revisions\/37202"}],"wp:featuredmedia":[{"embeddable":true,"href":"https:\/\/www.studiogera.de\/001\/wp-json\/wp\/v2\/media\/31498"}],"wp:attachment":[{"href":"https:\/\/www.studiogera.de\/001\/wp-json\/wp\/v2\/media?parent=37201"}],"wp:term":[{"taxonomy":"category","embeddable":true,"href":"https:\/\/www.studiogera.de\/001\/wp-json\/wp\/v2\/categories?post=37201"},{"taxonomy":"post_tag","embeddable":true,"href":"https:\/\/www.studiogera.de\/001\/wp-json\/wp\/v2\/tags?post=37201"}],"curies":[{"name":"wp","href":"https:\/\/api.w.org\/{rel}","templated":true}]}}