{"id":37223,"date":"2025-05-12T01:32:57","date_gmt":"2025-05-11T23:32:57","guid":{"rendered":"https:\/\/www.studiogera.de\/001\/?p=37223"},"modified":"2025-05-12T01:32:58","modified_gmt":"2025-05-11T23:32:58","slug":"landesprogramm-solidarisches-zusammenleben-der-generationen-3","status":"publish","type":"post","link":"https:\/\/www.studiogera.de\/001\/2025\/05\/12\/landesprogramm-solidarisches-zusammenleben-der-generationen-3\/","title":{"rendered":"LANDESPROGRAMM \u201eSOLIDARISCHES ZUSAMMENLEBEN DER GENERATIONEN\u201c"},"content":{"rendered":"\n<p>Seit 2019 f\u00f6rdert die Stadt Gera Projekte und Ma\u00dfnahmen im Rahmen des Landesprogramms \u201eSolidarisches Zusammenleben der Generationen\u201c. Hierbei sollen die Interessen aller Generationen im Vordergrund stehen und Angebote zur St\u00e4rkung der gesamten Familie geschaffen werden. Ziel ist es, eine nachhaltige soziale Infrastruktur zu etablieren, um die Lebensbedingungen von Familien zu verbessern und zu erhalten. Die F\u00f6rdermittel sollen an gemeinn\u00fctzige Tr\u00e4ger, Verb\u00e4nde der Wohlfahrtspflege und kirchliche Tr\u00e4ger f\u00fcr Mikroprojekte (bis maximal 5000 Euro) ausgereicht werden. Sie wollen ein Projekt f\u00fcr Familien in Gera umsetzen? Die folgenden Handlungsfelder sollen als Orientierung f\u00fcr die Schwerpunkte des LSZ in Gera dienen:<\/p>\n\n\n\n<ul class=\"wp-block-list\">\n<li>Vereinbarkeit von Familie und Beruf<\/li>\n\n\n\n<li>Bildung im famili\u00e4ren Umfeld<\/li>\n\n\n\n<li>Beratung, Unterst\u00fctzung und Information<\/li>\n\n\n\n<li>Wohnumfeld und Lebensqualit\u00e4t<\/li>\n\n\n\n<li>Dialog der Generationen<\/li>\n<\/ul>\n\n\n\n<p>Haben Sie richtige Handlungsfeld f\u00fcr Ihr Projekt gefunden? Dann senden Sie Ihren Projektantrag f\u00fcr das Jahr 2026 bis zum 31. August 2025 (Posteingangsstempel) an folgende Adresse:<\/p>\n\n\n\n<p>Stadtverwaltung Gera<br>Dezernat Soziales, Jugend und Kultur<br>Ansprechpartner Frau K\u00fchnel<br>Gagarinstra\u00dfe 99-101<br>07545 Gera<\/p>\n\n\n\n<p>Telefon: 0365 8383014<br>Telefax: 0365 8383015<br>elektronische Post: sozialeprojekte@gera.de<\/p>\n\n\n\n<p>Weitere Informationen sowie alle Unterlagen zur Antragstellung unter \u201ewww.gera.de\/lsz\u201c zu finden.<\/p>\n\n\n\n<p>QUELLE: STADTVERWALTUNG<\/p>\n","protected":false},"excerpt":{"rendered":"<div class=\"mh-excerpt\"><p>Seit 2019 f\u00f6rdert die Stadt Gera Projekte und Ma\u00dfnahmen im Rahmen des Landesprogramms \u201eSolidarisches Zusammenleben der Generationen\u201c. Hierbei sollen die Interessen aller Generationen im Vordergrund stehen und Angebote zur St\u00e4rkung der gesamten Familie geschaffen werden. <a class=\"mh-excerpt-more\" href=\"https:\/\/www.studiogera.de\/001\/2025\/05\/12\/landesprogramm-solidarisches-zusammenleben-der-generationen-3\/\" title=\"LANDESPROGRAMM \u201eSOLIDARISCHES ZUSAMMENLEBEN DER GENERATIONEN\u201c\">[&#8230;]<\/a><\/p>\n<\/div>","protected":false},"author":3,"featured_media":32194,"comment_status":"open","ping_status":"open","sticky":false,"template":"","format":"standard","meta":{"footnotes":""},"categories":[16],"tags":[],"class_list":{"0":"post-37223","1":"post","2":"type-post","3":"status-publish","4":"format-standard","5":"has-post-thumbnail","7":"category-kurzmitteilungen"},"_links":{"self":[{"href":"https:\/\/www.studiogera.de\/001\/wp-json\/wp\/v2\/posts\/37223","targetHints":{"allow":["GET"]}}],"collection":[{"href":"https:\/\/www.studiogera.de\/001\/wp-json\/wp\/v2\/posts"}],"about":[{"href":"https:\/\/www.studiogera.de\/001\/wp-json\/wp\/v2\/types\/post"}],"author":[{"embeddable":true,"href":"https:\/\/www.studiogera.de\/001\/wp-json\/wp\/v2\/users\/3"}],"replies":[{"embeddable":true,"href":"https:\/\/www.studiogera.de\/001\/wp-json\/wp\/v2\/comments?post=37223"}],"version-history":[{"count":1,"href":"https:\/\/www.studiogera.de\/001\/wp-json\/wp\/v2\/posts\/37223\/revisions"}],"predecessor-version":[{"id":37224,"href":"https:\/\/www.studiogera.de\/001\/wp-json\/wp\/v2\/posts\/37223\/revisions\/37224"}],"wp:featuredmedia":[{"embeddable":true,"href":"https:\/\/www.studiogera.de\/001\/wp-json\/wp\/v2\/media\/32194"}],"wp:attachment":[{"href":"https:\/\/www.studiogera.de\/001\/wp-json\/wp\/v2\/media?parent=37223"}],"wp:term":[{"taxonomy":"category","embeddable":true,"href":"https:\/\/www.studiogera.de\/001\/wp-json\/wp\/v2\/categories?post=37223"},{"taxonomy":"post_tag","embeddable":true,"href":"https:\/\/www.studiogera.de\/001\/wp-json\/wp\/v2\/tags?post=37223"}],"curies":[{"name":"wp","href":"https:\/\/api.w.org\/{rel}","templated":true}]}}