{"id":37229,"date":"2025-05-12T22:44:18","date_gmt":"2025-05-12T20:44:18","guid":{"rendered":"https:\/\/www.studiogera.de\/001\/?p=37229"},"modified":"2025-05-12T22:44:19","modified_gmt":"2025-05-12T20:44:19","slug":"musik-aus-verschiedenen-jahrhunderten-und-genres","status":"publish","type":"post","link":"https:\/\/www.studiogera.de\/001\/2025\/05\/12\/musik-aus-verschiedenen-jahrhunderten-und-genres\/","title":{"rendered":"MUSIK AUS VERSCHIEDENEN JAHRHUNDERTEN UND GENRES"},"content":{"rendered":"\n<p>Ein Tag voller Musik aus verschiedenen Jahrhunderten und Genres erwartet alle Musikbegeisterten am Samstag, den 17. Mai 2025, in der Musikschule \u201eHeinrich Sch\u00fctz\u201c, Biermannplatz 1.<\/p>\n\n\n\n<p>An diesem Tag findet in der Hauptstelle der Musikschule im Friederici-Saal der zweite Kammermusikwettbewerb statt. Er bietet allen Sch\u00fclerinnen und Sch\u00fclern der Musikschule und der Spezialklassen f\u00fcr Musik des \u201eGymnasium Rutheneum seit 1608\u201c in Gera ein Podium f\u00fcr gemeinschaftliches instrumentales und vokales Musizieren.<\/p>\n\n\n\n<p>Vierzehn Formationen von Duo bis Quartett nutzen die Chance, ihr Programm dem Publikum vorzustellen und von einer dreik\u00f6pfigen Jury aus externen Fachkr\u00e4ften einsch\u00e4tzen zu lassen. In verschiedensten Formationen wie z. B. in Klavier-Duos, gemischten Ensembles mit Bl\u00e4sern, Streichern, Zupfern und Akkordeon oder im Gitarrenquartett wetteifern die jungen Musikerinnen und Musiker im Alter von sieben bis siebzehn Jahren in drei verschiedenen Altersgruppen, um Preise und Pr\u00e4dikate- ein freudiges und spannendes Vorhaben f\u00fcr alle Musizierenden, ihre Lehrkr\u00e4fte und Eltern. Der Wettbewerb beginnt mit den Beitr\u00e4gen der Altersgruppe 2 (neun bis elf Jahre) um 10 Uhr und dauert bis zirka 11.30 Uhr. Die Altersgruppe 3 (zw\u00f6lf bis 14 Jahre) ist von 14 Uhr bis 15 Uhr zu erleben. Zum Abschluss des Wettbewerbstages spielt die Altersgruppe 4 \u00a0(15 bis 19 Jahre) von 16.45 Uhr bis 17.15 Uhr.<\/p>\n\n\n\n<p>Alle Interessenten sind zum Zuh\u00f6ren sehr herzlich eingeladen. Der Eintritt ist frei. F\u00fcr das leibliche Wohl und regen Austausch wird ab 10 Uhr in einer Caf\u00e9teria in der Musikschule gesorgt.<\/p>\n\n\n\n<p>Tatkr\u00e4ftige Unterst\u00fctzung und finanzielle Zuwendung erf\u00e4hrt das Projekt durch den F\u00f6rderverein der Musikschule \u201eHeinrich Sch\u00fctz\u201c Gera. Er f\u00f6rdert selbst und meldete das Projekt erfolgreich zur F\u00f6rderung \u00fcber den Kulturlastenausgleich der Stadt Gera an.<\/p>\n\n\n\n<p>Am Montag, den 19. Mai 2025, l\u00e4dt die Musikschule um 18 Uhr zum Preistr\u00e4gerkonzert des zweiten Kammermusikwettbewerbes in den Rathaussaal ein. Dann werden die Urkunden, Preise und Anerkennungen verliehen. Den besten jungen Musikerinnen und Musikern des Kammermusikwettbewerbes kann dann gelauscht werden. Sie bieten noch einmal Ausschnitte aus ihren Wettbewerbsprogrammen. Der Eintritt zur Veranstaltung ist ebenfalls frei.<\/p>\n\n\n\n<p>QUELLE: STADTVERWALTUNG<\/p>\n","protected":false},"excerpt":{"rendered":"<div class=\"mh-excerpt\"><p>Ein Tag voller Musik aus verschiedenen Jahrhunderten und Genres erwartet alle Musikbegeisterten am Samstag, den 17. Mai 2025, in der Musikschule \u201eHeinrich Sch\u00fctz\u201c, Biermannplatz 1. An diesem Tag findet in der Hauptstelle der Musikschule im <a class=\"mh-excerpt-more\" href=\"https:\/\/www.studiogera.de\/001\/2025\/05\/12\/musik-aus-verschiedenen-jahrhunderten-und-genres\/\" title=\"MUSIK AUS VERSCHIEDENEN JAHRHUNDERTEN UND GENRES\">[&#8230;]<\/a><\/p>\n<\/div>","protected":false},"author":2,"featured_media":24653,"comment_status":"open","ping_status":"open","sticky":false,"template":"","format":"standard","meta":{"footnotes":""},"categories":[8],"tags":[],"class_list":{"0":"post-37229","1":"post","2":"type-post","3":"status-publish","4":"format-standard","5":"has-post-thumbnail","7":"category-kultur"},"_links":{"self":[{"href":"https:\/\/www.studiogera.de\/001\/wp-json\/wp\/v2\/posts\/37229","targetHints":{"allow":["GET"]}}],"collection":[{"href":"https:\/\/www.studiogera.de\/001\/wp-json\/wp\/v2\/posts"}],"about":[{"href":"https:\/\/www.studiogera.de\/001\/wp-json\/wp\/v2\/types\/post"}],"author":[{"embeddable":true,"href":"https:\/\/www.studiogera.de\/001\/wp-json\/wp\/v2\/users\/2"}],"replies":[{"embeddable":true,"href":"https:\/\/www.studiogera.de\/001\/wp-json\/wp\/v2\/comments?post=37229"}],"version-history":[{"count":1,"href":"https:\/\/www.studiogera.de\/001\/wp-json\/wp\/v2\/posts\/37229\/revisions"}],"predecessor-version":[{"id":37230,"href":"https:\/\/www.studiogera.de\/001\/wp-json\/wp\/v2\/posts\/37229\/revisions\/37230"}],"wp:featuredmedia":[{"embeddable":true,"href":"https:\/\/www.studiogera.de\/001\/wp-json\/wp\/v2\/media\/24653"}],"wp:attachment":[{"href":"https:\/\/www.studiogera.de\/001\/wp-json\/wp\/v2\/media?parent=37229"}],"wp:term":[{"taxonomy":"category","embeddable":true,"href":"https:\/\/www.studiogera.de\/001\/wp-json\/wp\/v2\/categories?post=37229"},{"taxonomy":"post_tag","embeddable":true,"href":"https:\/\/www.studiogera.de\/001\/wp-json\/wp\/v2\/tags?post=37229"}],"curies":[{"name":"wp","href":"https:\/\/api.w.org\/{rel}","templated":true}]}}