{"id":37231,"date":"2025-05-12T22:50:42","date_gmt":"2025-05-12T20:50:42","guid":{"rendered":"https:\/\/www.studiogera.de\/001\/?p=37231"},"modified":"2025-05-12T22:50:42","modified_gmt":"2025-05-12T20:50:42","slug":"film-ab-in-der-bibliothek-am-puschkinplatz","status":"publish","type":"post","link":"https:\/\/www.studiogera.de\/001\/2025\/05\/12\/film-ab-in-der-bibliothek-am-puschkinplatz\/","title":{"rendered":"\u201eFILM AB\u201c IN DER BIBLIOTHEK AM PUSCHKINPLATZ"},"content":{"rendered":"\n<p><em>Kreativ drehen, schneiden und staunen k\u00f6nnen Familien mit Kindern ab acht Jahren am Samstag, den 17. Mai 2025, von 10 Uhr bis 12 Uhr, in der Bibliothek am Puschkinplatz.<\/em><\/p>\n\n\n\n<p>Zum letzten T\u00fcftelsamstag im ersten Halbjahr l\u00e4dt die Stadt- und Regionalbibliothek Gera in Kooperation mit dem Sch\u00fcler-Forschungszentrum Gera am Samstag, den 17. Mai 2025, von 10 Uhr bis 12 Uhr in die Jugendbibliothek ein. Unter dem Motto \u201eFilm ab! Kreativ drehen, schneiden, staunen!\u201c dreht sich dieses Mal alles um das Thema Film und digitale Medien.<\/p>\n\n\n\n<p>Ob Stop-Motion, Slow-Motion, Erkl\u00e4rfilme oder digitale Filmtrailer \u2013 Kinder und Jugendliche erhalten an diesem Vormittag die M\u00f6glichkeit, gemeinsam mit ihren Eltern oder Gro\u00dfeltern, verschiedene Formen der Filmgestaltung auszuprobieren. Alltagsgegenst\u00e4nde erwachen in kleinen Stop-Motion-Szenen zum Leben, Bewegungen werden in faszinierender Zeitlupe eingefangen und bei der Produktion von Erkl\u00e4rvideos k\u00f6nnen eigene Inhalte wie Tiere, Pflanzen oder naturwissenschaftliche Ph\u00e4nomene kreativ umgesetzt und filmisch erkl\u00e4rt werden.<\/p>\n\n\n\n<p>Auch digitale Tools wie iMovie oder andere Film-Apps stehen zur Verf\u00fcgung, mit denen kurze Trailer und Clips geschnitten und vertont werden k\u00f6nnen. Zus\u00e4tzlich besteht die M\u00f6glichkeit, mit Scratch eigene kleine Geschichten zu programmieren \u2013 ideal f\u00fcr alle, die sich gern zwischen Animation und Coding bewegen.<\/p>\n\n\n\n<p>Das abwechslungsreiche Angebot richtet sich an viele kreative K\u00f6pfe, die Lust haben, Kamera, Tablet und Fantasie zu kombinieren und eigene kleine Filmwelten zu erschaffen. Kinder, Jugendliche und Familien \u2013 sowohl Einsteiger als auch kleine Medienprofis kommen hier auf ihre Kosten.<br><br>Eine Anmeldung wird aufgrund der begrenzten Platzkapazit\u00e4t empfohlen \u2013 entweder vor Ort in der Kinderbibliothek oder telefonisch unter der Rufnummer +493658383371. Die Teilnahme ist kostenlos.<\/p>\n\n\n\n<p>QUELLE: STADTVERWALTUNG<\/p>\n","protected":false},"excerpt":{"rendered":"<div class=\"mh-excerpt\"><p>Kreativ drehen, schneiden und staunen k\u00f6nnen Familien mit Kindern ab acht Jahren am Samstag, den 17. Mai 2025, von 10 Uhr bis 12 Uhr, in der Bibliothek am Puschkinplatz. Zum letzten T\u00fcftelsamstag im ersten Halbjahr <a class=\"mh-excerpt-more\" href=\"https:\/\/www.studiogera.de\/001\/2025\/05\/12\/film-ab-in-der-bibliothek-am-puschkinplatz\/\" title=\"\u201eFILM AB\u201c IN DER BIBLIOTHEK AM PUSCHKINPLATZ\">[&#8230;]<\/a><\/p>\n<\/div>","protected":false},"author":2,"featured_media":35720,"comment_status":"open","ping_status":"open","sticky":false,"template":"","format":"standard","meta":{"footnotes":""},"categories":[8],"tags":[],"class_list":{"0":"post-37231","1":"post","2":"type-post","3":"status-publish","4":"format-standard","5":"has-post-thumbnail","7":"category-kultur"},"_links":{"self":[{"href":"https:\/\/www.studiogera.de\/001\/wp-json\/wp\/v2\/posts\/37231","targetHints":{"allow":["GET"]}}],"collection":[{"href":"https:\/\/www.studiogera.de\/001\/wp-json\/wp\/v2\/posts"}],"about":[{"href":"https:\/\/www.studiogera.de\/001\/wp-json\/wp\/v2\/types\/post"}],"author":[{"embeddable":true,"href":"https:\/\/www.studiogera.de\/001\/wp-json\/wp\/v2\/users\/2"}],"replies":[{"embeddable":true,"href":"https:\/\/www.studiogera.de\/001\/wp-json\/wp\/v2\/comments?post=37231"}],"version-history":[{"count":1,"href":"https:\/\/www.studiogera.de\/001\/wp-json\/wp\/v2\/posts\/37231\/revisions"}],"predecessor-version":[{"id":37232,"href":"https:\/\/www.studiogera.de\/001\/wp-json\/wp\/v2\/posts\/37231\/revisions\/37232"}],"wp:featuredmedia":[{"embeddable":true,"href":"https:\/\/www.studiogera.de\/001\/wp-json\/wp\/v2\/media\/35720"}],"wp:attachment":[{"href":"https:\/\/www.studiogera.de\/001\/wp-json\/wp\/v2\/media?parent=37231"}],"wp:term":[{"taxonomy":"category","embeddable":true,"href":"https:\/\/www.studiogera.de\/001\/wp-json\/wp\/v2\/categories?post=37231"},{"taxonomy":"post_tag","embeddable":true,"href":"https:\/\/www.studiogera.de\/001\/wp-json\/wp\/v2\/tags?post=37231"}],"curies":[{"name":"wp","href":"https:\/\/api.w.org\/{rel}","templated":true}]}}