{"id":37233,"date":"2025-05-12T22:59:22","date_gmt":"2025-05-12T20:59:22","guid":{"rendered":"https:\/\/www.studiogera.de\/001\/?p=37233"},"modified":"2025-05-12T22:59:23","modified_gmt":"2025-05-12T20:59:23","slug":"kreativer-markt-mit-musik-und-mitmachangeboten","status":"publish","type":"post","link":"https:\/\/www.studiogera.de\/001\/2025\/05\/12\/kreativer-markt-mit-musik-und-mitmachangeboten\/","title":{"rendered":"KREATIVER MARKT MIT MUSIK UND MITMACHANGEBOTEN"},"content":{"rendered":"\n<p>Frischer Wind in der Innenstadt: Am Samstag, den 17. Mai 2025, findet von 11 Uhr bis 18 Uhr erstmals der Pop-Up-Markt in Gera statt, der Handel, Genuss und Kultur dynamisch vereint. Rund 60 Akteure kommen daf\u00fcr ab 11 Uhr auf dem Marktplatz zusammen, um sich und ihre Angebote zu pr\u00e4sentieren. Neben kreativen K\u00f6pfen, die unter anderem selbst kreierten Schmuck, Porzellan oder auch Accessoires und Kunst verkaufen, wird es auch diverse Mitmachangebote f\u00fcr alle Altersklassen geben. Ob Postkarten dekorieren, Haarstr\u00e4hnen flechten, Keramik bemalen oder sogar Wunden schminken und Reanimation von Kleinkindern \u2013 das Angebot zum selbst Ausprobieren ist gro\u00df. Mehrere Gastronomen sorgen f\u00fcr kulinarische K\u00f6stlichkeiten, die probiert werden k\u00f6nnen, w\u00e4hrend verschiedene Musiker und Bands f\u00fcr ein musikalisches Programm zum Pop-Up-Markt sorgen.<\/p>\n\n\n\n<p>Der Pop-Up-Markt f\u00fchrt das zum Weihnachtsmarkt erprobte Format der Pop-Up-H\u00fctte fort und soll in einem gr\u00f6\u00dferen Rahmen zur Markt- und Innenstadtbelebung beitragen. Finanziert wird das Pilotprojekt \u00fcber das F\u00f6rderprogramm \u201eZukunftsf\u00e4hige Innenst\u00e4dte und Zentren\u201c.<\/p>\n\n\n\n<p>QUELLE: STADTVERWALTUNG<\/p>\n","protected":false},"excerpt":{"rendered":"<div class=\"mh-excerpt\"><p>Frischer Wind in der Innenstadt: Am Samstag, den 17. Mai 2025, findet von 11 Uhr bis 18 Uhr erstmals der Pop-Up-Markt in Gera statt, der Handel, Genuss und Kultur dynamisch vereint. Rund 60 Akteure kommen <a class=\"mh-excerpt-more\" href=\"https:\/\/www.studiogera.de\/001\/2025\/05\/12\/kreativer-markt-mit-musik-und-mitmachangeboten\/\" title=\"KREATIVER MARKT MIT MUSIK UND MITMACHANGEBOTEN\">[&#8230;]<\/a><\/p>\n<\/div>","protected":false},"author":2,"featured_media":37234,"comment_status":"open","ping_status":"open","sticky":false,"template":"","format":"standard","meta":{"footnotes":""},"categories":[8],"tags":[],"class_list":{"0":"post-37233","1":"post","2":"type-post","3":"status-publish","4":"format-standard","5":"has-post-thumbnail","7":"category-kultur"},"_links":{"self":[{"href":"https:\/\/www.studiogera.de\/001\/wp-json\/wp\/v2\/posts\/37233","targetHints":{"allow":["GET"]}}],"collection":[{"href":"https:\/\/www.studiogera.de\/001\/wp-json\/wp\/v2\/posts"}],"about":[{"href":"https:\/\/www.studiogera.de\/001\/wp-json\/wp\/v2\/types\/post"}],"author":[{"embeddable":true,"href":"https:\/\/www.studiogera.de\/001\/wp-json\/wp\/v2\/users\/2"}],"replies":[{"embeddable":true,"href":"https:\/\/www.studiogera.de\/001\/wp-json\/wp\/v2\/comments?post=37233"}],"version-history":[{"count":1,"href":"https:\/\/www.studiogera.de\/001\/wp-json\/wp\/v2\/posts\/37233\/revisions"}],"predecessor-version":[{"id":37235,"href":"https:\/\/www.studiogera.de\/001\/wp-json\/wp\/v2\/posts\/37233\/revisions\/37235"}],"wp:featuredmedia":[{"embeddable":true,"href":"https:\/\/www.studiogera.de\/001\/wp-json\/wp\/v2\/media\/37234"}],"wp:attachment":[{"href":"https:\/\/www.studiogera.de\/001\/wp-json\/wp\/v2\/media?parent=37233"}],"wp:term":[{"taxonomy":"category","embeddable":true,"href":"https:\/\/www.studiogera.de\/001\/wp-json\/wp\/v2\/categories?post=37233"},{"taxonomy":"post_tag","embeddable":true,"href":"https:\/\/www.studiogera.de\/001\/wp-json\/wp\/v2\/tags?post=37233"}],"curies":[{"name":"wp","href":"https:\/\/api.w.org\/{rel}","templated":true}]}}