{"id":37236,"date":"2025-05-12T23:32:17","date_gmt":"2025-05-12T21:32:17","guid":{"rendered":"https:\/\/www.studiogera.de\/001\/?p=37236"},"modified":"2025-05-12T23:32:18","modified_gmt":"2025-05-12T21:32:18","slug":"reinigung-der-springbrunnen-nach-farbanschlag","status":"publish","type":"post","link":"https:\/\/www.studiogera.de\/001\/2025\/05\/12\/reinigung-der-springbrunnen-nach-farbanschlag\/","title":{"rendered":"REINIGUNG DER SPRINGBRUNNEN NACH FARBANSCHLAG"},"content":{"rendered":"\n<p>Zwei Springbrunnen in Gera sind derzeit wegen eines Farbanschlags au\u00dfer Betrieb. Die betroffenen Anlagen auf dem Kornmarkt und im K\u00fcchengarten m\u00fcssen gereinigt und gepr\u00fcft werden. Erst dann k\u00f6nnen sie wieder eingeschaltet werden. Unbekannte hatten gr\u00fcne Farbe in das Brunnenbecken gesch\u00fcttet. Bemerkt wurde der Schaden am 4. bzw. 6 Mai 2025. M\u00f6glicherweise ging die Tat von Mitgliedern einer Klimaprotestgruppe aus.<\/p>\n\n\n\n<p>Im K\u00fcchengarten wurde nach einer Reinigung neues Wasser in den Brunnen eingelassen. Das Gera-Magazin \u00fcbernahm einen Kostenanteil in H\u00f6he von 200 Euro. Beim Brunnen auf dem Kornmarkt muss die Pumpentechnik \u00fcberpr\u00fcft werden, da diese zum Zeitpunkt des Anschlags m\u00f6glicherweise in Betrieb war und besch\u00e4digt sein k\u00f6nnte.<\/p>\n","protected":false},"excerpt":{"rendered":"<div class=\"mh-excerpt\"><p>Zwei Springbrunnen in Gera sind derzeit wegen eines Farbanschlags au\u00dfer Betrieb. Die betroffenen Anlagen auf dem Kornmarkt und im K\u00fcchengarten m\u00fcssen gereinigt und gepr\u00fcft werden. Erst dann k\u00f6nnen sie wieder eingeschaltet werden. Unbekannte hatten gr\u00fcne <a class=\"mh-excerpt-more\" href=\"https:\/\/www.studiogera.de\/001\/2025\/05\/12\/reinigung-der-springbrunnen-nach-farbanschlag\/\" title=\"REINIGUNG DER SPRINGBRUNNEN NACH FARBANSCHLAG\">[&#8230;]<\/a><\/p>\n<\/div>","protected":false},"author":2,"featured_media":37237,"comment_status":"open","ping_status":"open","sticky":false,"template":"","format":"standard","meta":{"footnotes":""},"categories":[3],"tags":[],"class_list":{"0":"post-37236","1":"post","2":"type-post","3":"status-publish","4":"format-standard","5":"has-post-thumbnail","7":"category-lokal"},"_links":{"self":[{"href":"https:\/\/www.studiogera.de\/001\/wp-json\/wp\/v2\/posts\/37236","targetHints":{"allow":["GET"]}}],"collection":[{"href":"https:\/\/www.studiogera.de\/001\/wp-json\/wp\/v2\/posts"}],"about":[{"href":"https:\/\/www.studiogera.de\/001\/wp-json\/wp\/v2\/types\/post"}],"author":[{"embeddable":true,"href":"https:\/\/www.studiogera.de\/001\/wp-json\/wp\/v2\/users\/2"}],"replies":[{"embeddable":true,"href":"https:\/\/www.studiogera.de\/001\/wp-json\/wp\/v2\/comments?post=37236"}],"version-history":[{"count":1,"href":"https:\/\/www.studiogera.de\/001\/wp-json\/wp\/v2\/posts\/37236\/revisions"}],"predecessor-version":[{"id":37238,"href":"https:\/\/www.studiogera.de\/001\/wp-json\/wp\/v2\/posts\/37236\/revisions\/37238"}],"wp:featuredmedia":[{"embeddable":true,"href":"https:\/\/www.studiogera.de\/001\/wp-json\/wp\/v2\/media\/37237"}],"wp:attachment":[{"href":"https:\/\/www.studiogera.de\/001\/wp-json\/wp\/v2\/media?parent=37236"}],"wp:term":[{"taxonomy":"category","embeddable":true,"href":"https:\/\/www.studiogera.de\/001\/wp-json\/wp\/v2\/categories?post=37236"},{"taxonomy":"post_tag","embeddable":true,"href":"https:\/\/www.studiogera.de\/001\/wp-json\/wp\/v2\/tags?post=37236"}],"curies":[{"name":"wp","href":"https:\/\/api.w.org\/{rel}","templated":true}]}}