{"id":37239,"date":"2025-05-12T23:42:44","date_gmt":"2025-05-12T21:42:44","guid":{"rendered":"https:\/\/www.studiogera.de\/001\/?p=37239"},"modified":"2025-05-12T23:42:45","modified_gmt":"2025-05-12T21:42:45","slug":"lieder-und-arienabend-mit-teruhiko-komori","status":"publish","type":"post","link":"https:\/\/www.studiogera.de\/001\/2025\/05\/12\/lieder-und-arienabend-mit-teruhiko-komori\/","title":{"rendered":"LIEDER- UND ARIENABEND MIT TERUHIKO KOMORI"},"content":{"rendered":"\n<p>Die Gesellschaft der Theater- und Konzertfreunde Gera e.\u202fV. feiert dieses Jahr ihr 35-j\u00e4hriges Bestehen. Bereits im Mai setzt ein besonderes Konzert einen ersten musikalischen Akzent im Jubil\u00e4umsjahr: Am Freitag, den 30. Mai 2025, um 19.30 Uhr, l\u00e4dt der Verein zu einem Lieder- und Arien-Benefizkonzert in den Konzertsaal Gera ein \u2013 mit einem internationalen Gast von besonderem Rang.<\/p>\n\n\n\n<p>Kammers\u00e4nger Teruhiko Komori, renommierter Bariton aus Japan, gibt sich zu diesem Anlass die Ehre. F\u00fcr diesen exklusiven Auftritt reist der gefeierte S\u00e4nger eigens aus Japan an. Der S\u00e4nger ist in Ostth\u00fcringen kein Unbekannter. Er war zw\u00f6lf Jahre lang festes Ensemblemitglied am Theater Altenburg Gera und pr\u00e4gte dort das Musiktheater in zahlreichen Hauptrollen. Zudem ist er Ehrenmitglied des Theatervereins.<\/p>\n\n\n\n<p>Auf dem Programm des Benefizkonzertes stehen herausragende Werke aus dem deutschen Liedrepertoire \u2013 darunter Schuberts \u201eErlk\u00f6nig\u201c, Brahms\u2019 \u201eMeine Liebe ist gr\u00fcn\u201c und Balladen von Carl Loewe \u2013 sowie gro\u00dfe Opernarien von Verdi, Puccini und Korngold. Der Abend spannt damit einen eindrucksvollen Bogen von Liedkunst bis zu dramatischer Oper.<\/p>\n\n\n\n<p>Begleitet wird Teruhiko Komori von der Pianistin Takako Miyazaki, die sich als Liedbegleiterin, Hammerfl\u00fcgel- und Cembalo-Spezialistin einen Namen gemacht hat. Die Gewinnerin des Internationalen Schubert-Wettbewerbs Liedduo in Dortmund ist nicht nur als Musikerin, sondern auch als Autorin, Jurorin und Musikvermittlerin aktiv. Seit mehreren Jahren gestaltet sie gemeinsam mit Komori viel beachtete Liederabende in Japan.<\/p>\n\n\n\n<p>Die Einnahmen des Konzerts kommen der Gesellschaft der Theater- und Konzertfreunde Gera e. \u202fV. und dem Theater Altenburg Gera zugute.<\/p>\n\n\n\n<p>Die zentrale Jubil\u00e4umswoche des Theatervereins findet im November 2025 statt. Das Konzert am 30. Mai bildet einen festlichen Auftakt im Jubil\u00e4umsjahr.<\/p>\n\n\n\n<p>Eintrittskarten sind an den Theaterkassen sowie \u00fcber die Webseite des Theaters erh\u00e4ltlich. Diese sind unter der Rufnummer 0365 8279105 bzw. 03447 585160 sowie \u00fcber \u201ehttps:\/\/theater-altenburg-gera.de\/\u201d erreichbar.<\/p>\n\n\n\n<p>QUELLE: THEATER ALTENBURG GERA GGMBH<\/p>\n","protected":false},"excerpt":{"rendered":"<div class=\"mh-excerpt\"><p>Die Gesellschaft der Theater- und Konzertfreunde Gera e.\u202fV. feiert dieses Jahr ihr 35-j\u00e4hriges Bestehen. Bereits im Mai setzt ein besonderes Konzert einen ersten musikalischen Akzent im Jubil\u00e4umsjahr: Am Freitag, den 30. Mai 2025, um 19.30 <a class=\"mh-excerpt-more\" href=\"https:\/\/www.studiogera.de\/001\/2025\/05\/12\/lieder-und-arienabend-mit-teruhiko-komori\/\" title=\"LIEDER- UND ARIENABEND MIT TERUHIKO KOMORI\">[&#8230;]<\/a><\/p>\n<\/div>","protected":false},"author":2,"featured_media":37240,"comment_status":"open","ping_status":"open","sticky":false,"template":"","format":"standard","meta":{"footnotes":""},"categories":[15],"tags":[],"class_list":{"0":"post-37239","1":"post","2":"type-post","3":"status-publish","4":"format-standard","5":"has-post-thumbnail","7":"category-theater"},"_links":{"self":[{"href":"https:\/\/www.studiogera.de\/001\/wp-json\/wp\/v2\/posts\/37239","targetHints":{"allow":["GET"]}}],"collection":[{"href":"https:\/\/www.studiogera.de\/001\/wp-json\/wp\/v2\/posts"}],"about":[{"href":"https:\/\/www.studiogera.de\/001\/wp-json\/wp\/v2\/types\/post"}],"author":[{"embeddable":true,"href":"https:\/\/www.studiogera.de\/001\/wp-json\/wp\/v2\/users\/2"}],"replies":[{"embeddable":true,"href":"https:\/\/www.studiogera.de\/001\/wp-json\/wp\/v2\/comments?post=37239"}],"version-history":[{"count":1,"href":"https:\/\/www.studiogera.de\/001\/wp-json\/wp\/v2\/posts\/37239\/revisions"}],"predecessor-version":[{"id":37241,"href":"https:\/\/www.studiogera.de\/001\/wp-json\/wp\/v2\/posts\/37239\/revisions\/37241"}],"wp:featuredmedia":[{"embeddable":true,"href":"https:\/\/www.studiogera.de\/001\/wp-json\/wp\/v2\/media\/37240"}],"wp:attachment":[{"href":"https:\/\/www.studiogera.de\/001\/wp-json\/wp\/v2\/media?parent=37239"}],"wp:term":[{"taxonomy":"category","embeddable":true,"href":"https:\/\/www.studiogera.de\/001\/wp-json\/wp\/v2\/categories?post=37239"},{"taxonomy":"post_tag","embeddable":true,"href":"https:\/\/www.studiogera.de\/001\/wp-json\/wp\/v2\/tags?post=37239"}],"curies":[{"name":"wp","href":"https:\/\/api.w.org\/{rel}","templated":true}]}}