{"id":37242,"date":"2025-05-12T23:49:21","date_gmt":"2025-05-12T21:49:21","guid":{"rendered":"https:\/\/www.studiogera.de\/001\/?p=37242"},"modified":"2025-05-12T23:49:22","modified_gmt":"2025-05-12T21:49:22","slug":"auffahrunfall-in-der-vogtlandstrasse","status":"publish","type":"post","link":"https:\/\/www.studiogera.de\/001\/2025\/05\/12\/auffahrunfall-in-der-vogtlandstrasse\/","title":{"rendered":"AUFFAHRUNFALL IN DER VOGTLANDSTRASSE"},"content":{"rendered":"\n<p>Am 10. Mai 2025 ereignete sich um 10.44 Uhr auf der Vogtlandstra\u00dfe, Kreuzung Keplerstra\u00dfe, ein Verkehrsunfall zwischen zwei PKW. Eine 53-j\u00e4hrige Frau fuhr mit ihrem PKW hinter dem PKW eines 30-j\u00e4hrigen Mannes. Aufgrund der auf Rotlicht schaltenden Ampel bremste der Mann das Fahrzeug ab. Die Dame bemerkte dies scheinbar zu sp\u00e4t und fuhr auf. Bei dem Unfall wurden beide Personen leicht verletzt. An den Fahrzeugen entstand Sachschaden im vierstelligen Bereich. Die Polizei hat die Ermittlungen zur Unfallursache aufgenommen.<\/p>\n","protected":false},"excerpt":{"rendered":"<div class=\"mh-excerpt\"><p>Am 10. Mai 2025 ereignete sich um 10.44 Uhr auf der Vogtlandstra\u00dfe, Kreuzung Keplerstra\u00dfe, ein Verkehrsunfall zwischen zwei PKW. Eine 53-j\u00e4hrige Frau fuhr mit ihrem PKW hinter dem PKW eines 30-j\u00e4hrigen Mannes. Aufgrund der auf <a class=\"mh-excerpt-more\" href=\"https:\/\/www.studiogera.de\/001\/2025\/05\/12\/auffahrunfall-in-der-vogtlandstrasse\/\" title=\"AUFFAHRUNFALL IN DER VOGTLANDSTRASSE\">[&#8230;]<\/a><\/p>\n<\/div>","protected":false},"author":2,"featured_media":9353,"comment_status":"open","ping_status":"open","sticky":false,"template":"","format":"standard","meta":{"footnotes":""},"categories":[13],"tags":[],"class_list":{"0":"post-37242","1":"post","2":"type-post","3":"status-publish","4":"format-standard","5":"has-post-thumbnail","7":"category-polizeiberichte"},"_links":{"self":[{"href":"https:\/\/www.studiogera.de\/001\/wp-json\/wp\/v2\/posts\/37242","targetHints":{"allow":["GET"]}}],"collection":[{"href":"https:\/\/www.studiogera.de\/001\/wp-json\/wp\/v2\/posts"}],"about":[{"href":"https:\/\/www.studiogera.de\/001\/wp-json\/wp\/v2\/types\/post"}],"author":[{"embeddable":true,"href":"https:\/\/www.studiogera.de\/001\/wp-json\/wp\/v2\/users\/2"}],"replies":[{"embeddable":true,"href":"https:\/\/www.studiogera.de\/001\/wp-json\/wp\/v2\/comments?post=37242"}],"version-history":[{"count":1,"href":"https:\/\/www.studiogera.de\/001\/wp-json\/wp\/v2\/posts\/37242\/revisions"}],"predecessor-version":[{"id":37243,"href":"https:\/\/www.studiogera.de\/001\/wp-json\/wp\/v2\/posts\/37242\/revisions\/37243"}],"wp:featuredmedia":[{"embeddable":true,"href":"https:\/\/www.studiogera.de\/001\/wp-json\/wp\/v2\/media\/9353"}],"wp:attachment":[{"href":"https:\/\/www.studiogera.de\/001\/wp-json\/wp\/v2\/media?parent=37242"}],"wp:term":[{"taxonomy":"category","embeddable":true,"href":"https:\/\/www.studiogera.de\/001\/wp-json\/wp\/v2\/categories?post=37242"},{"taxonomy":"post_tag","embeddable":true,"href":"https:\/\/www.studiogera.de\/001\/wp-json\/wp\/v2\/tags?post=37242"}],"curies":[{"name":"wp","href":"https:\/\/api.w.org\/{rel}","templated":true}]}}