{"id":37244,"date":"2025-05-12T23:52:29","date_gmt":"2025-05-12T21:52:29","guid":{"rendered":"https:\/\/www.studiogera.de\/001\/?p=37244"},"modified":"2025-05-12T23:52:30","modified_gmt":"2025-05-12T21:52:30","slug":"einbruch-mit-diebstahl-in-der-rudolf-diener-strasse","status":"publish","type":"post","link":"https:\/\/www.studiogera.de\/001\/2025\/05\/12\/einbruch-mit-diebstahl-in-der-rudolf-diener-strasse\/","title":{"rendered":"EINBRUCH MIT DIEBSTAHL IN DER RUDOLF-DIENER-STRASSE"},"content":{"rendered":"\n<p>\u00a0Im Zeitraum vom 9. Mai 2025, 15.30 Uhr, bis 11. Mai 2025, 19.50 Uhr, drangen unbekannte T\u00e4ter gewaltsam in ein Geb\u00e4ude einer Personalmanagement-Firma in der Rudolf-Diener-Stra\u00dfe ein. Sie schlugen eine Fensterscheibe ein und durchsuchten die R\u00e4ume. Entwendet wurden unter anderem Bargeld, ein Tablet, ein Mobiltelefon, sowie Wertgutscheine. Die Polizei hat Ermittlungen aufgenommen und bittet um Hinweise. Diese werden unter der Rufnummer +4936582341465 bei Angabe der Bezugsnummer 0119499\/2025 entgegengenommen.<\/p>\n","protected":false},"excerpt":{"rendered":"<div class=\"mh-excerpt\"><p>\u00a0Im Zeitraum vom 9. Mai 2025, 15.30 Uhr, bis 11. Mai 2025, 19.50 Uhr, drangen unbekannte T\u00e4ter gewaltsam in ein Geb\u00e4ude einer Personalmanagement-Firma in der Rudolf-Diener-Stra\u00dfe ein. Sie schlugen eine Fensterscheibe ein und durchsuchten die <a class=\"mh-excerpt-more\" href=\"https:\/\/www.studiogera.de\/001\/2025\/05\/12\/einbruch-mit-diebstahl-in-der-rudolf-diener-strasse\/\" title=\"EINBRUCH MIT DIEBSTAHL IN DER RUDOLF-DIENER-STRASSE\">[&#8230;]<\/a><\/p>\n<\/div>","protected":false},"author":2,"featured_media":9356,"comment_status":"open","ping_status":"open","sticky":false,"template":"","format":"standard","meta":{"footnotes":""},"categories":[13],"tags":[],"class_list":{"0":"post-37244","1":"post","2":"type-post","3":"status-publish","4":"format-standard","5":"has-post-thumbnail","7":"category-polizeiberichte"},"_links":{"self":[{"href":"https:\/\/www.studiogera.de\/001\/wp-json\/wp\/v2\/posts\/37244","targetHints":{"allow":["GET"]}}],"collection":[{"href":"https:\/\/www.studiogera.de\/001\/wp-json\/wp\/v2\/posts"}],"about":[{"href":"https:\/\/www.studiogera.de\/001\/wp-json\/wp\/v2\/types\/post"}],"author":[{"embeddable":true,"href":"https:\/\/www.studiogera.de\/001\/wp-json\/wp\/v2\/users\/2"}],"replies":[{"embeddable":true,"href":"https:\/\/www.studiogera.de\/001\/wp-json\/wp\/v2\/comments?post=37244"}],"version-history":[{"count":1,"href":"https:\/\/www.studiogera.de\/001\/wp-json\/wp\/v2\/posts\/37244\/revisions"}],"predecessor-version":[{"id":37245,"href":"https:\/\/www.studiogera.de\/001\/wp-json\/wp\/v2\/posts\/37244\/revisions\/37245"}],"wp:featuredmedia":[{"embeddable":true,"href":"https:\/\/www.studiogera.de\/001\/wp-json\/wp\/v2\/media\/9356"}],"wp:attachment":[{"href":"https:\/\/www.studiogera.de\/001\/wp-json\/wp\/v2\/media?parent=37244"}],"wp:term":[{"taxonomy":"category","embeddable":true,"href":"https:\/\/www.studiogera.de\/001\/wp-json\/wp\/v2\/categories?post=37244"},{"taxonomy":"post_tag","embeddable":true,"href":"https:\/\/www.studiogera.de\/001\/wp-json\/wp\/v2\/tags?post=37244"}],"curies":[{"name":"wp","href":"https:\/\/api.w.org\/{rel}","templated":true}]}}