{"id":37248,"date":"2025-05-12T23:59:07","date_gmt":"2025-05-12T21:59:07","guid":{"rendered":"https:\/\/www.studiogera.de\/001\/?p=37248"},"modified":"2025-05-12T23:59:08","modified_gmt":"2025-05-12T21:59:08","slug":"brandstiftung-in-bieblach-ost","status":"publish","type":"post","link":"https:\/\/www.studiogera.de\/001\/2025\/05\/12\/brandstiftung-in-bieblach-ost\/","title":{"rendered":"BRANDSTIFTUNG IN BIEBLACH OST"},"content":{"rendered":"\n<p>Am 11. Mai 2025 kam es gegen 18.30 Uhr auf einem Balkon eines leerstehenden Hauses in der Leuchtenburgstra\u00dfe zu einem Brand. Der Brand, der vermutlich durch das Entz\u00fcnden von Restm\u00fcll entstand, besch\u00e4digte die Fassade des Geb\u00e4udes und einen Fensterrahmen. Die Feuerwehr konnte den Brand schnell l\u00f6schen, sodass er sich nicht weiter ausbreitete. Die Polizei hat Ermittlungen zur Brandursache aufgenommen. Zur Schadensh\u00f6he liegen derzeitig keine Informationen vor. Zeugen werden gebeten, sich unter der Rufnummer +4936582341465 zu melden. Am Telefon ist die Bezugsnummer 0119904\/2025 anzugeben.<\/p>\n","protected":false},"excerpt":{"rendered":"<div class=\"mh-excerpt\"><p>Am 11. Mai 2025 kam es gegen 18.30 Uhr auf einem Balkon eines leerstehenden Hauses in der Leuchtenburgstra\u00dfe zu einem Brand. Der Brand, der vermutlich durch das Entz\u00fcnden von Restm\u00fcll entstand, besch\u00e4digte die Fassade des <a class=\"mh-excerpt-more\" href=\"https:\/\/www.studiogera.de\/001\/2025\/05\/12\/brandstiftung-in-bieblach-ost\/\" title=\"BRANDSTIFTUNG IN BIEBLACH OST\">[&#8230;]<\/a><\/p>\n<\/div>","protected":false},"author":2,"featured_media":9362,"comment_status":"open","ping_status":"open","sticky":false,"template":"","format":"standard","meta":{"footnotes":""},"categories":[13],"tags":[],"class_list":{"0":"post-37248","1":"post","2":"type-post","3":"status-publish","4":"format-standard","5":"has-post-thumbnail","7":"category-polizeiberichte"},"_links":{"self":[{"href":"https:\/\/www.studiogera.de\/001\/wp-json\/wp\/v2\/posts\/37248","targetHints":{"allow":["GET"]}}],"collection":[{"href":"https:\/\/www.studiogera.de\/001\/wp-json\/wp\/v2\/posts"}],"about":[{"href":"https:\/\/www.studiogera.de\/001\/wp-json\/wp\/v2\/types\/post"}],"author":[{"embeddable":true,"href":"https:\/\/www.studiogera.de\/001\/wp-json\/wp\/v2\/users\/2"}],"replies":[{"embeddable":true,"href":"https:\/\/www.studiogera.de\/001\/wp-json\/wp\/v2\/comments?post=37248"}],"version-history":[{"count":1,"href":"https:\/\/www.studiogera.de\/001\/wp-json\/wp\/v2\/posts\/37248\/revisions"}],"predecessor-version":[{"id":37249,"href":"https:\/\/www.studiogera.de\/001\/wp-json\/wp\/v2\/posts\/37248\/revisions\/37249"}],"wp:featuredmedia":[{"embeddable":true,"href":"https:\/\/www.studiogera.de\/001\/wp-json\/wp\/v2\/media\/9362"}],"wp:attachment":[{"href":"https:\/\/www.studiogera.de\/001\/wp-json\/wp\/v2\/media?parent=37248"}],"wp:term":[{"taxonomy":"category","embeddable":true,"href":"https:\/\/www.studiogera.de\/001\/wp-json\/wp\/v2\/categories?post=37248"},{"taxonomy":"post_tag","embeddable":true,"href":"https:\/\/www.studiogera.de\/001\/wp-json\/wp\/v2\/tags?post=37248"}],"curies":[{"name":"wp","href":"https:\/\/api.w.org\/{rel}","templated":true}]}}