{"id":37257,"date":"2025-05-14T13:34:22","date_gmt":"2025-05-14T11:34:22","guid":{"rendered":"https:\/\/www.studiogera.de\/001\/?p=37257"},"modified":"2025-05-14T13:34:23","modified_gmt":"2025-05-14T11:34:23","slug":"zdf-verschafft-rechten-youtubern-tausende-neue-abonnenten","status":"publish","type":"post","link":"https:\/\/www.studiogera.de\/001\/2025\/05\/14\/zdf-verschafft-rechten-youtubern-tausende-neue-abonnenten\/","title":{"rendered":"ZDF VERSCHAFFT &#8222;RECHTEN YOUTUBERN&#8220; TAUSENDE NEUE ABONNENTEN"},"content":{"rendered":"\n<p>Nach Ansicht von Kritikern betreibt der Moderator Jan B\u00f6hmermann in seiner Sendung \u201eZDF Magazin Royale\u201c zunehmend politischen Aktivismus nach dem bereits als \u00fcberholt geltenden Links-Rechts-Schema und forciert damit ein Denken in Freund-Feind-Kategorien. Zuletzt besch\u00e4ftigte er sich mit aus seiner Sicht \u201erechten Youtubern\u201c die er als \u201eVorfeld der AFD\u201c einordnet. Dabei legte er auch die Identit\u00e4t der Kanalbetreiber offen.<\/p>\n\n\n\n<p><a href=\"https:\/\/www.zdf.de\/video\/shows\/zdf-magazin-royale-102\/zdf-magazin-royale-vom-9-mai-2025-100\">https:\/\/www.zdf.de\/video\/shows\/zdf-magazin-royale-102\/zdf-magazin-royale-vom-9-mai-2025-100<\/a><\/p>\n\n\n\n<p>In der Sendung vom 9. Mai 2025 nannte er den Namen und weitere pers\u00f6nliche Daten des Account-Inhabers von \u201eClownswelt\u201c. Dies hatte allerdings den gegenteiligen Effekt. Der Kanal \u201eClownswelt\u201c gewann rund 200&#8217;000 Abonnenten hinzu. Am 14. Mai 2025 hatte er rund 425&#8217;000 Abonnenten.<\/p>\n\n\n\n<p>B\u00f6hmermann wurde auch von Leuten aus der eigenen Branche kritisiert. Die Berliner Zeitung bezeichnete ihn als den Steigb\u00fcgelhalter seiner Feinde, schreibt von Verr\u00e4tern und Denunzianten im Namen der \u201eguten Sache\u201c, und fragt, ob der ZDF-Moderator den Antifaschisten nur vort\u00e4usche. Die Zeitung stellt infrage, dass er die kontraprotuktiven Auswirkungen seiner Vorgehensweise nach all den Jahren nicht kennt.<\/p>\n\n\n\n<p>Ab dem 20. Juni 2025 wird auf dem Programmplatz von \u201eZDF Magazin Royale\u201c acht Wochen lang die Unterhaltungssendung \u201eTill Tonight\u201c mit Till Reiners zu sehen sein. Laut der offiziellen Mitteilung legt Jan B\u00f6hmermann eine Pause ein.<\/p>\n","protected":false},"excerpt":{"rendered":"<div class=\"mh-excerpt\"><p>Nach Ansicht von Kritikern betreibt der Moderator Jan B\u00f6hmermann in seiner Sendung \u201eZDF Magazin Royale\u201c zunehmend politischen Aktivismus nach dem bereits als \u00fcberholt geltenden Links-Rechts-Schema und forciert damit ein Denken in Freund-Feind-Kategorien. Zuletzt besch\u00e4ftigte er <a class=\"mh-excerpt-more\" href=\"https:\/\/www.studiogera.de\/001\/2025\/05\/14\/zdf-verschafft-rechten-youtubern-tausende-neue-abonnenten\/\" title=\"ZDF VERSCHAFFT &#8222;RECHTEN YOUTUBERN&#8220; TAUSENDE NEUE ABONNENTEN\">[&#8230;]<\/a><\/p>\n<\/div>","protected":false},"author":2,"featured_media":37259,"comment_status":"open","ping_status":"open","sticky":false,"template":"","format":"standard","meta":{"footnotes":""},"categories":[17],"tags":[],"class_list":{"0":"post-37257","1":"post","2":"type-post","3":"status-publish","4":"format-standard","5":"has-post-thumbnail","7":"category-medien"},"_links":{"self":[{"href":"https:\/\/www.studiogera.de\/001\/wp-json\/wp\/v2\/posts\/37257","targetHints":{"allow":["GET"]}}],"collection":[{"href":"https:\/\/www.studiogera.de\/001\/wp-json\/wp\/v2\/posts"}],"about":[{"href":"https:\/\/www.studiogera.de\/001\/wp-json\/wp\/v2\/types\/post"}],"author":[{"embeddable":true,"href":"https:\/\/www.studiogera.de\/001\/wp-json\/wp\/v2\/users\/2"}],"replies":[{"embeddable":true,"href":"https:\/\/www.studiogera.de\/001\/wp-json\/wp\/v2\/comments?post=37257"}],"version-history":[{"count":1,"href":"https:\/\/www.studiogera.de\/001\/wp-json\/wp\/v2\/posts\/37257\/revisions"}],"predecessor-version":[{"id":37258,"href":"https:\/\/www.studiogera.de\/001\/wp-json\/wp\/v2\/posts\/37257\/revisions\/37258"}],"wp:featuredmedia":[{"embeddable":true,"href":"https:\/\/www.studiogera.de\/001\/wp-json\/wp\/v2\/media\/37259"}],"wp:attachment":[{"href":"https:\/\/www.studiogera.de\/001\/wp-json\/wp\/v2\/media?parent=37257"}],"wp:term":[{"taxonomy":"category","embeddable":true,"href":"https:\/\/www.studiogera.de\/001\/wp-json\/wp\/v2\/categories?post=37257"},{"taxonomy":"post_tag","embeddable":true,"href":"https:\/\/www.studiogera.de\/001\/wp-json\/wp\/v2\/tags?post=37257"}],"curies":[{"name":"wp","href":"https:\/\/api.w.org\/{rel}","templated":true}]}}