{"id":37260,"date":"2025-05-14T19:34:05","date_gmt":"2025-05-14T17:34:05","guid":{"rendered":"https:\/\/www.studiogera.de\/001\/?p=37260"},"modified":"2025-05-14T19:34:06","modified_gmt":"2025-05-14T17:34:06","slug":"weitere-meldungen-aus-gera-104","status":"publish","type":"post","link":"https:\/\/www.studiogera.de\/001\/2025\/05\/14\/weitere-meldungen-aus-gera-104\/","title":{"rendered":"WEITERE MELDUNGEN AUS GERA"},"content":{"rendered":"\n<p>Nach dem Farbanschlag und einer aufwendigen Reinigung wurde der Springbrunnen wieder eingeschaltet. Das Gera-Magazin stellte f\u00fcr die Wiederaufbereitung der Anlage 200 Euro zur Verf\u00fcgung.<\/p>\n\n\n\n<p>Der Verein G\u00e4stef\u00fchrer Region Gera e. V. hat die M\u00e4rchenmarktfigur \u201eFrau Holle\u201c aufwendig restaurieren lassen. Am 21. Mai 2025 soll sie der Stadt Gera offiziell zum diesj\u00e4hrigen Einsatz beim Geraer M\u00e4rchenmarkt \u00fcbergeben werden. Sie war bei einem Sturm im Jahr 2023 besch\u00e4digt worden.<\/p>\n\n\n\n<p>Auf einem Acker zwischen dem Autobahnkreuz Gera und Dorna soll eine 135&#8217;000 Quadratmeter gro\u00dfe Solaranlage mit Batteriespeicher entstehen. Der Stadtrat wird am 21. Mai 2025 \u00fcber die Auslegung der Pl\u00e4ne entscheiden.<\/p>\n","protected":false},"excerpt":{"rendered":"<div class=\"mh-excerpt\"><p>Nach dem Farbanschlag und einer aufwendigen Reinigung wurde der Springbrunnen wieder eingeschaltet. Das Gera-Magazin stellte f\u00fcr die Wiederaufbereitung der Anlage 200 Euro zur Verf\u00fcgung. Der Verein G\u00e4stef\u00fchrer Region Gera e. V. hat die M\u00e4rchenmarktfigur \u201eFrau <a class=\"mh-excerpt-more\" href=\"https:\/\/www.studiogera.de\/001\/2025\/05\/14\/weitere-meldungen-aus-gera-104\/\" title=\"WEITERE MELDUNGEN AUS GERA\">[&#8230;]<\/a><\/p>\n<\/div>","protected":false},"author":2,"featured_media":37263,"comment_status":"open","ping_status":"open","sticky":false,"template":"","format":"standard","meta":{"footnotes":""},"categories":[16],"tags":[],"class_list":{"0":"post-37260","1":"post","2":"type-post","3":"status-publish","4":"format-standard","5":"has-post-thumbnail","7":"category-kurzmitteilungen"},"_links":{"self":[{"href":"https:\/\/www.studiogera.de\/001\/wp-json\/wp\/v2\/posts\/37260","targetHints":{"allow":["GET"]}}],"collection":[{"href":"https:\/\/www.studiogera.de\/001\/wp-json\/wp\/v2\/posts"}],"about":[{"href":"https:\/\/www.studiogera.de\/001\/wp-json\/wp\/v2\/types\/post"}],"author":[{"embeddable":true,"href":"https:\/\/www.studiogera.de\/001\/wp-json\/wp\/v2\/users\/2"}],"replies":[{"embeddable":true,"href":"https:\/\/www.studiogera.de\/001\/wp-json\/wp\/v2\/comments?post=37260"}],"version-history":[{"count":3,"href":"https:\/\/www.studiogera.de\/001\/wp-json\/wp\/v2\/posts\/37260\/revisions"}],"predecessor-version":[{"id":37264,"href":"https:\/\/www.studiogera.de\/001\/wp-json\/wp\/v2\/posts\/37260\/revisions\/37264"}],"wp:featuredmedia":[{"embeddable":true,"href":"https:\/\/www.studiogera.de\/001\/wp-json\/wp\/v2\/media\/37263"}],"wp:attachment":[{"href":"https:\/\/www.studiogera.de\/001\/wp-json\/wp\/v2\/media?parent=37260"}],"wp:term":[{"taxonomy":"category","embeddable":true,"href":"https:\/\/www.studiogera.de\/001\/wp-json\/wp\/v2\/categories?post=37260"},{"taxonomy":"post_tag","embeddable":true,"href":"https:\/\/www.studiogera.de\/001\/wp-json\/wp\/v2\/tags?post=37260"}],"curies":[{"name":"wp","href":"https:\/\/api.w.org\/{rel}","templated":true}]}}