{"id":37265,"date":"2025-05-14T19:42:00","date_gmt":"2025-05-14T17:42:00","guid":{"rendered":"https:\/\/www.studiogera.de\/001\/?p=37265"},"modified":"2025-05-14T19:42:11","modified_gmt":"2025-05-14T17:42:11","slug":"bunte-baender-ueber-der-sorge","status":"publish","type":"post","link":"https:\/\/www.studiogera.de\/001\/2025\/05\/14\/bunte-baender-ueber-der-sorge\/","title":{"rendered":"BUNTE B\u00c4NDER \u00dcBER DER SORGE"},"content":{"rendered":"\n<p>Aufmerksame Beobachter haben es vermutlich schon entdeckt: Die Sorge ist wieder bunt. Am Mittwoch, den 14. Mai 2025, wurden \u00fcber der zentralen Innenstadtachse mehrere Netze mit bunten B\u00e4ndern aufgespannt, die bis Ende September optische Akzente im Stadtbild setzen. Die Idee daf\u00fcr kam dabei aus der Bev\u00f6lkerung: Nach erfolgreichem Abschluss der Schirm-Aktion im vergangenen Jahr, rief Geras Citymanagerin Amelie Becker dazu auf, Ideen f\u00fcr 2025 einzureichen. Beim Sichten der Vorschl\u00e4ge seien B\u00e4nder immer wieder genannt worden, sodass sie sich letztlich f\u00fcr diese als Favorit entschieden habe. Mitarbeiter der Otegau haben die rund 4000 bunten B\u00e4nder dann in Handarbeit an die sechs Netze geknotet. Die Aufh\u00e4ngung wurde vom Amt f\u00fcr Stadtgr\u00fcn ausgef\u00fchrt. Finanziert wird die Aktion \u00fcber das F\u00f6rderprogramm \u201eZukunftsf\u00e4hige Innenst\u00e4dte und Zentren\u201c.<\/p>\n\n\n\n<p>QUELLE: STADTVERWALTUNG<\/p>\n","protected":false},"excerpt":{"rendered":"<div class=\"mh-excerpt\"><p>Aufmerksame Beobachter haben es vermutlich schon entdeckt: Die Sorge ist wieder bunt. Am Mittwoch, den 14. Mai 2025, wurden \u00fcber der zentralen Innenstadtachse mehrere Netze mit bunten B\u00e4ndern aufgespannt, die bis Ende September optische Akzente <a class=\"mh-excerpt-more\" href=\"https:\/\/www.studiogera.de\/001\/2025\/05\/14\/bunte-baender-ueber-der-sorge\/\" title=\"BUNTE B\u00c4NDER \u00dcBER DER SORGE\">[&#8230;]<\/a><\/p>\n<\/div>","protected":false},"author":2,"featured_media":37266,"comment_status":"open","ping_status":"open","sticky":false,"template":"","format":"standard","meta":{"footnotes":""},"categories":[3],"tags":[],"class_list":{"0":"post-37265","1":"post","2":"type-post","3":"status-publish","4":"format-standard","5":"has-post-thumbnail","7":"category-lokal"},"_links":{"self":[{"href":"https:\/\/www.studiogera.de\/001\/wp-json\/wp\/v2\/posts\/37265","targetHints":{"allow":["GET"]}}],"collection":[{"href":"https:\/\/www.studiogera.de\/001\/wp-json\/wp\/v2\/posts"}],"about":[{"href":"https:\/\/www.studiogera.de\/001\/wp-json\/wp\/v2\/types\/post"}],"author":[{"embeddable":true,"href":"https:\/\/www.studiogera.de\/001\/wp-json\/wp\/v2\/users\/2"}],"replies":[{"embeddable":true,"href":"https:\/\/www.studiogera.de\/001\/wp-json\/wp\/v2\/comments?post=37265"}],"version-history":[{"count":1,"href":"https:\/\/www.studiogera.de\/001\/wp-json\/wp\/v2\/posts\/37265\/revisions"}],"predecessor-version":[{"id":37267,"href":"https:\/\/www.studiogera.de\/001\/wp-json\/wp\/v2\/posts\/37265\/revisions\/37267"}],"wp:featuredmedia":[{"embeddable":true,"href":"https:\/\/www.studiogera.de\/001\/wp-json\/wp\/v2\/media\/37266"}],"wp:attachment":[{"href":"https:\/\/www.studiogera.de\/001\/wp-json\/wp\/v2\/media?parent=37265"}],"wp:term":[{"taxonomy":"category","embeddable":true,"href":"https:\/\/www.studiogera.de\/001\/wp-json\/wp\/v2\/categories?post=37265"},{"taxonomy":"post_tag","embeddable":true,"href":"https:\/\/www.studiogera.de\/001\/wp-json\/wp\/v2\/tags?post=37265"}],"curies":[{"name":"wp","href":"https:\/\/api.w.org\/{rel}","templated":true}]}}