{"id":37268,"date":"2025-05-15T12:25:40","date_gmt":"2025-05-15T10:25:40","guid":{"rendered":"https:\/\/www.studiogera.de\/001\/?p=37268"},"modified":"2025-05-15T12:25:48","modified_gmt":"2025-05-15T10:25:48","slug":"information-der-partei-buendnis-90-die-gruenen-38","status":"publish","type":"post","link":"https:\/\/www.studiogera.de\/001\/2025\/05\/15\/information-der-partei-buendnis-90-die-gruenen-38\/","title":{"rendered":"INFORMATION DER PARTEI \u201eB\u00dcNDNIS \u201990\/DIE GR\u00dcNEN\u201c"},"content":{"rendered":"\n<p><em>Lesen Sie nachfolgend eine Mitteilung des Kreisverbands Gera der Partei B\u00fcndnis 90\/Die Gr\u00fcnen.<\/em><\/p>\n\n\n\n<p>Ein fairer und friedlicher Wettstreit um die besten Gesangstalente in Europa: Kaum eine Veranstaltung feiert den Europ\u00e4ischen Gedanken so ausgelassen wie der Eurovision Song Contest, der dieses Jahr in Basel\/Schweiz stattfindet.<br>Aber auch wir in Gera wollen uns dem gern anschlie\u00dfen. Der Kreisverband von B\u00fcndnis 90\/Die Gr\u00fcnen in Gera und die Gr\u00fcne Jugend laden daher am 17. Mai 2025 ab 19 Uhr in das Alte Wannenbad der H\u00e4selburg ein. Zur Einstimmung wollen wir mit der ehemaligen Abgeordneten des Europa-Parlaments Viola von Cramon \u00fcber die zuk\u00fcnftige Rolle Europas im Angesicht der globalen Krisen sprechen. Im Anschluss wird es ein kleines Quiz zum ESC geben, und ab 21 Uhr werden wir dann gemeinsam den ESC beim Public Viewing schauen. Es wird um Anmeldung gebeten unter \u201einfo@gruene-gera.de\u201c.<\/p>\n\n\n\n<p>QUELLE: B\u00dcNDNIS \u201990\/DIE GR\u00dcNEN<\/p>\n","protected":false},"excerpt":{"rendered":"<div class=\"mh-excerpt\"><p>Lesen Sie nachfolgend eine Mitteilung des Kreisverbands Gera der Partei B\u00fcndnis 90\/Die Gr\u00fcnen. Ein fairer und friedlicher Wettstreit um die besten Gesangstalente in Europa: Kaum eine Veranstaltung feiert den Europ\u00e4ischen Gedanken so ausgelassen wie der <a class=\"mh-excerpt-more\" href=\"https:\/\/www.studiogera.de\/001\/2025\/05\/15\/information-der-partei-buendnis-90-die-gruenen-38\/\" title=\"INFORMATION DER PARTEI \u201eB\u00dcNDNIS \u201990\/DIE GR\u00dcNEN\u201c\">[&#8230;]<\/a><\/p>\n<\/div>","protected":false},"author":2,"featured_media":37270,"comment_status":"open","ping_status":"open","sticky":false,"template":"","format":"standard","meta":{"footnotes":""},"categories":[16],"tags":[],"class_list":{"0":"post-37268","1":"post","2":"type-post","3":"status-publish","4":"format-standard","5":"has-post-thumbnail","7":"category-kurzmitteilungen"},"_links":{"self":[{"href":"https:\/\/www.studiogera.de\/001\/wp-json\/wp\/v2\/posts\/37268","targetHints":{"allow":["GET"]}}],"collection":[{"href":"https:\/\/www.studiogera.de\/001\/wp-json\/wp\/v2\/posts"}],"about":[{"href":"https:\/\/www.studiogera.de\/001\/wp-json\/wp\/v2\/types\/post"}],"author":[{"embeddable":true,"href":"https:\/\/www.studiogera.de\/001\/wp-json\/wp\/v2\/users\/2"}],"replies":[{"embeddable":true,"href":"https:\/\/www.studiogera.de\/001\/wp-json\/wp\/v2\/comments?post=37268"}],"version-history":[{"count":3,"href":"https:\/\/www.studiogera.de\/001\/wp-json\/wp\/v2\/posts\/37268\/revisions"}],"predecessor-version":[{"id":37272,"href":"https:\/\/www.studiogera.de\/001\/wp-json\/wp\/v2\/posts\/37268\/revisions\/37272"}],"wp:featuredmedia":[{"embeddable":true,"href":"https:\/\/www.studiogera.de\/001\/wp-json\/wp\/v2\/media\/37270"}],"wp:attachment":[{"href":"https:\/\/www.studiogera.de\/001\/wp-json\/wp\/v2\/media?parent=37268"}],"wp:term":[{"taxonomy":"category","embeddable":true,"href":"https:\/\/www.studiogera.de\/001\/wp-json\/wp\/v2\/categories?post=37268"},{"taxonomy":"post_tag","embeddable":true,"href":"https:\/\/www.studiogera.de\/001\/wp-json\/wp\/v2\/tags?post=37268"}],"curies":[{"name":"wp","href":"https:\/\/api.w.org\/{rel}","templated":true}]}}