{"id":37273,"date":"2025-05-15T12:42:48","date_gmt":"2025-05-15T10:42:48","guid":{"rendered":"https:\/\/www.studiogera.de\/001\/?p=37273"},"modified":"2025-05-15T12:42:49","modified_gmt":"2025-05-15T10:42:49","slug":"toepfermarkt-am-24-und-25-mai-2025","status":"publish","type":"post","link":"https:\/\/www.studiogera.de\/001\/2025\/05\/15\/toepfermarkt-am-24-und-25-mai-2025\/","title":{"rendered":"T\u00d6PFERMARKT AM 24. UND 25. MAI 2025"},"content":{"rendered":"\n<p>Der T\u00f6pfermarkt findet in diesem Jahr am 24. und 25. Mai, jeweils von 10 Uhr bis 18 Uhr auf dem historischen Marktplatz der Stadt Gera und der kleinen Kirchstra\u00dfe statt. Oberb\u00fcrgermeister Kurt Dannenberg wird ihn am 24. Mai 2025 um 10 Uhr er\u00f6ffnen.<\/p>\n\n\n\n<p>Zwei Tage lang pr\u00e4sentieren insgesamt 44 T\u00f6pferinnen und T\u00f6pfer aus sechs Bundesl\u00e4ndern ihre kunstvollen und einzigartigen Keramikwerke. Darunter sind 24 T\u00f6pfereien aus Th\u00fcringen sowie zwei internationale G\u00e4ste aus Lettland und Ungarn.<\/p>\n\n\n\n<p>Neben der vielf\u00e4ltigen T\u00f6pferkunst gibt es ein abwechslungsreiches Rahmenprogramm: Ein Imker mit einem reichhaltigen Sortiment aus Honig- und Bienenwachsprodukten sowie ein Imkerverein mit Infostand rund um das Thema Honig und Kindergl\u00fccksrad als auch ein Kunsthandwerker mit seinen Miniatur- Holzschnitzereien und Vorf\u00fchrungen in der mitgebrachten, kleinen Werkstatt. Au\u00dferdem sind ein Korbh\u00e4ndler, ein G\u00e4rtner sowie St\u00e4nde mit kunsthandwerklichem Schmuck und Mineralien vertreten.<\/p>\n\n\n\n<p>F\u00fcr das leibliche Wohl ist ebenfalls bestens gesorgt. Die Besucher k\u00f6nnen sich an Th\u00fcringer Grillspezialit\u00e4ten, Backwaren, Cr\u00eapes, Mandeln sowie erfrischenden Getr\u00e4nken st\u00e4rken. F\u00fcr die musikalische Unterhaltung sorgt diesmal die Folkgemeinschaft Gera sowie die Musikgruppe \u201eGern Geh\u00f6rt\u201c.<\/p>\n\n\n\n<p>QUELLE: STADTVERWALTUNG<\/p>\n","protected":false},"excerpt":{"rendered":"<div class=\"mh-excerpt\"><p>Der T\u00f6pfermarkt findet in diesem Jahr am 24. und 25. Mai, jeweils von 10 Uhr bis 18 Uhr auf dem historischen Marktplatz der Stadt Gera und der kleinen Kirchstra\u00dfe statt. Oberb\u00fcrgermeister Kurt Dannenberg wird ihn <a class=\"mh-excerpt-more\" href=\"https:\/\/www.studiogera.de\/001\/2025\/05\/15\/toepfermarkt-am-24-und-25-mai-2025\/\" title=\"T\u00d6PFERMARKT AM 24. UND 25. MAI 2025\">[&#8230;]<\/a><\/p>\n<\/div>","protected":false},"author":2,"featured_media":31252,"comment_status":"open","ping_status":"open","sticky":false,"template":"","format":"standard","meta":{"footnotes":""},"categories":[8],"tags":[],"class_list":{"0":"post-37273","1":"post","2":"type-post","3":"status-publish","4":"format-standard","5":"has-post-thumbnail","7":"category-kultur"},"_links":{"self":[{"href":"https:\/\/www.studiogera.de\/001\/wp-json\/wp\/v2\/posts\/37273","targetHints":{"allow":["GET"]}}],"collection":[{"href":"https:\/\/www.studiogera.de\/001\/wp-json\/wp\/v2\/posts"}],"about":[{"href":"https:\/\/www.studiogera.de\/001\/wp-json\/wp\/v2\/types\/post"}],"author":[{"embeddable":true,"href":"https:\/\/www.studiogera.de\/001\/wp-json\/wp\/v2\/users\/2"}],"replies":[{"embeddable":true,"href":"https:\/\/www.studiogera.de\/001\/wp-json\/wp\/v2\/comments?post=37273"}],"version-history":[{"count":1,"href":"https:\/\/www.studiogera.de\/001\/wp-json\/wp\/v2\/posts\/37273\/revisions"}],"predecessor-version":[{"id":37274,"href":"https:\/\/www.studiogera.de\/001\/wp-json\/wp\/v2\/posts\/37273\/revisions\/37274"}],"wp:featuredmedia":[{"embeddable":true,"href":"https:\/\/www.studiogera.de\/001\/wp-json\/wp\/v2\/media\/31252"}],"wp:attachment":[{"href":"https:\/\/www.studiogera.de\/001\/wp-json\/wp\/v2\/media?parent=37273"}],"wp:term":[{"taxonomy":"category","embeddable":true,"href":"https:\/\/www.studiogera.de\/001\/wp-json\/wp\/v2\/categories?post=37273"},{"taxonomy":"post_tag","embeddable":true,"href":"https:\/\/www.studiogera.de\/001\/wp-json\/wp\/v2\/tags?post=37273"}],"curies":[{"name":"wp","href":"https:\/\/api.w.org\/{rel}","templated":true}]}}