{"id":37279,"date":"2025-05-15T12:49:39","date_gmt":"2025-05-15T10:49:39","guid":{"rendered":"https:\/\/www.studiogera.de\/001\/?p=37279"},"modified":"2025-05-15T12:49:40","modified_gmt":"2025-05-15T10:49:40","slug":"vu-am-stadtgraben-2","status":"publish","type":"post","link":"https:\/\/www.studiogera.de\/001\/2025\/05\/15\/vu-am-stadtgraben-2\/","title":{"rendered":"VU AM STADTGRABEN"},"content":{"rendered":"\n<p>Am 10. Mai 2025 kam es um 10.02 Uhr zu einem Verkehrsunfall im Bereich des Stadtgrabens. Ein 36-j\u00e4hriger Fu\u00dfg\u00e4nger wurde vom PKW einer 85-J\u00e4hrigen erfasst, als dieser einen Fu\u00dfg\u00e4nger\u00fcberweg in H\u00f6he der Greizer Stra\u00dfe \u00fcberquerte. Der Fu\u00dfg\u00e4nger erlitt leichte Verletzungen am Fu\u00df. Am PKW entstand lediglich ein Sachschaden. Die Polizei hat den Unfall aufgenommen.<\/p>\n","protected":false},"excerpt":{"rendered":"<div class=\"mh-excerpt\"><p>Am 10. Mai 2025 kam es um 10.02 Uhr zu einem Verkehrsunfall im Bereich des Stadtgrabens. Ein 36-j\u00e4hriger Fu\u00dfg\u00e4nger wurde vom PKW einer 85-J\u00e4hrigen erfasst, als dieser einen Fu\u00dfg\u00e4nger\u00fcberweg in H\u00f6he der Greizer Stra\u00dfe \u00fcberquerte. <a class=\"mh-excerpt-more\" href=\"https:\/\/www.studiogera.de\/001\/2025\/05\/15\/vu-am-stadtgraben-2\/\" title=\"VU AM STADTGRABEN\">[&#8230;]<\/a><\/p>\n<\/div>","protected":false},"author":2,"featured_media":9352,"comment_status":"open","ping_status":"open","sticky":false,"template":"","format":"standard","meta":{"footnotes":""},"categories":[13],"tags":[],"class_list":{"0":"post-37279","1":"post","2":"type-post","3":"status-publish","4":"format-standard","5":"has-post-thumbnail","7":"category-polizeiberichte"},"_links":{"self":[{"href":"https:\/\/www.studiogera.de\/001\/wp-json\/wp\/v2\/posts\/37279","targetHints":{"allow":["GET"]}}],"collection":[{"href":"https:\/\/www.studiogera.de\/001\/wp-json\/wp\/v2\/posts"}],"about":[{"href":"https:\/\/www.studiogera.de\/001\/wp-json\/wp\/v2\/types\/post"}],"author":[{"embeddable":true,"href":"https:\/\/www.studiogera.de\/001\/wp-json\/wp\/v2\/users\/2"}],"replies":[{"embeddable":true,"href":"https:\/\/www.studiogera.de\/001\/wp-json\/wp\/v2\/comments?post=37279"}],"version-history":[{"count":1,"href":"https:\/\/www.studiogera.de\/001\/wp-json\/wp\/v2\/posts\/37279\/revisions"}],"predecessor-version":[{"id":37280,"href":"https:\/\/www.studiogera.de\/001\/wp-json\/wp\/v2\/posts\/37279\/revisions\/37280"}],"wp:featuredmedia":[{"embeddable":true,"href":"https:\/\/www.studiogera.de\/001\/wp-json\/wp\/v2\/media\/9352"}],"wp:attachment":[{"href":"https:\/\/www.studiogera.de\/001\/wp-json\/wp\/v2\/media?parent=37279"}],"wp:term":[{"taxonomy":"category","embeddable":true,"href":"https:\/\/www.studiogera.de\/001\/wp-json\/wp\/v2\/categories?post=37279"},{"taxonomy":"post_tag","embeddable":true,"href":"https:\/\/www.studiogera.de\/001\/wp-json\/wp\/v2\/tags?post=37279"}],"curies":[{"name":"wp","href":"https:\/\/api.w.org\/{rel}","templated":true}]}}