{"id":37281,"date":"2025-05-15T12:51:29","date_gmt":"2025-05-15T10:51:29","guid":{"rendered":"https:\/\/www.studiogera.de\/001\/?p=37281"},"modified":"2025-05-15T12:51:29","modified_gmt":"2025-05-15T10:51:29","slug":"vermisstes-maedchen-ist-zurueckgekehrt-2","status":"publish","type":"post","link":"https:\/\/www.studiogera.de\/001\/2025\/05\/15\/vermisstes-maedchen-ist-zurueckgekehrt-2\/","title":{"rendered":"VERMISSTES M\u00c4DCHEN IST ZUR\u00dcCKGEKEHRT"},"content":{"rendered":"\n<p>Die seit dem 22. April 2025 vermisste 13-j\u00e4hrige Arwa Alimam ist wohlbehalten zur\u00fcckgekehrt. Die Polizei bedankt sich f\u00fcr die Unterst\u00fctzung bei der Suche und stellt die Vermisstenfahndung ein.<\/p>\n","protected":false},"excerpt":{"rendered":"<div class=\"mh-excerpt\"><p>Die seit dem 22. April 2025 vermisste 13-j\u00e4hrige Arwa Alimam ist wohlbehalten zur\u00fcckgekehrt. Die Polizei bedankt sich f\u00fcr die Unterst\u00fctzung bei der Suche und stellt die Vermisstenfahndung ein.<\/p>\n<\/div>","protected":false},"author":2,"featured_media":9350,"comment_status":"open","ping_status":"open","sticky":false,"template":"","format":"standard","meta":{"footnotes":""},"categories":[13],"tags":[],"class_list":{"0":"post-37281","1":"post","2":"type-post","3":"status-publish","4":"format-standard","5":"has-post-thumbnail","7":"category-polizeiberichte"},"_links":{"self":[{"href":"https:\/\/www.studiogera.de\/001\/wp-json\/wp\/v2\/posts\/37281","targetHints":{"allow":["GET"]}}],"collection":[{"href":"https:\/\/www.studiogera.de\/001\/wp-json\/wp\/v2\/posts"}],"about":[{"href":"https:\/\/www.studiogera.de\/001\/wp-json\/wp\/v2\/types\/post"}],"author":[{"embeddable":true,"href":"https:\/\/www.studiogera.de\/001\/wp-json\/wp\/v2\/users\/2"}],"replies":[{"embeddable":true,"href":"https:\/\/www.studiogera.de\/001\/wp-json\/wp\/v2\/comments?post=37281"}],"version-history":[{"count":1,"href":"https:\/\/www.studiogera.de\/001\/wp-json\/wp\/v2\/posts\/37281\/revisions"}],"predecessor-version":[{"id":37282,"href":"https:\/\/www.studiogera.de\/001\/wp-json\/wp\/v2\/posts\/37281\/revisions\/37282"}],"wp:featuredmedia":[{"embeddable":true,"href":"https:\/\/www.studiogera.de\/001\/wp-json\/wp\/v2\/media\/9350"}],"wp:attachment":[{"href":"https:\/\/www.studiogera.de\/001\/wp-json\/wp\/v2\/media?parent=37281"}],"wp:term":[{"taxonomy":"category","embeddable":true,"href":"https:\/\/www.studiogera.de\/001\/wp-json\/wp\/v2\/categories?post=37281"},{"taxonomy":"post_tag","embeddable":true,"href":"https:\/\/www.studiogera.de\/001\/wp-json\/wp\/v2\/tags?post=37281"}],"curies":[{"name":"wp","href":"https:\/\/api.w.org\/{rel}","templated":true}]}}