{"id":37283,"date":"2025-05-16T12:27:33","date_gmt":"2025-05-16T10:27:33","guid":{"rendered":"https:\/\/www.studiogera.de\/001\/?p=37283"},"modified":"2025-05-16T12:27:34","modified_gmt":"2025-05-16T10:27:34","slug":"schuetzenswerte-natur-entlang-der-weissen-elster","status":"publish","type":"post","link":"https:\/\/www.studiogera.de\/001\/2025\/05\/16\/schuetzenswerte-natur-entlang-der-weissen-elster\/","title":{"rendered":"SCH\u00dcTZENSWERTE NATUR ENTLANG DER WEISSEN ELSTER"},"content":{"rendered":"\n<p>In Deutschland nimmt der Fl\u00e4chenverbrauch zu Lasten der Natur weiter zu. Obwohl es mancherorts gen\u00fcgend Alternativm\u00f6glichkeiten gibt, werden Gebiete bebaut oder f\u00fcr das menschliche Ordnungsempfinden hergerichtet, in denen sich die Natur \u00fcber einen l\u00e4ngeren Zeitraum relativ ungest\u00f6rt entwickeln konnte. Die immer kleiner werdende Tierwelt verliert dadurch ihre letzten R\u00fcckzugsorte. Viele der betroffenen Bereiche werden nicht als schutzw\u00fcrdig angesehen, weil zum Beispiel bestimmte seltene Arten fehlen. Doch h\u00e4ufiger vorkommende Pflanzen und Tiere sind ebenso bedeutsam f\u00fcr das \u00d6kosystem und sorgen f\u00fcr die n\u00f6tige Stabilit\u00e4t. Es ist ein System aus vielen ineinandergreifenden Kreisl\u00e4ufen, die selbstregulierend die f\u00fcr alle n\u00f6tigen Lebensbedingungen schaffen.<\/p>\n\n\n\n<p>Die Wichtigkeit intakter Kreisl\u00e4ufe wird jedoch kaum wahrgenommen. Der Zerst\u00f6rungsprozess setzt sich fort, wo der Mensch Gebiete f\u00fcr sich beansprucht, sie nach seinen Erfordernissen umgestaltet und alle anderen Arten verdr\u00e4ngt. Im Laufe der Zeit ist so ein Missverh\u00e4ltnis zustande gekommen.<\/p>\n\n\n\n<p>Zwar haben sich die Waldfl\u00e4chen in Deutschland in den vergangenen Jahrzehnten insgesamt leicht vergr\u00f6\u00dfert, doch gleichzeitig wurden viele wertvolle Naturfl\u00e4chen in Siedlungs-, Verkehrs- und Landwirtschaftsfl\u00e4chen umgewandelt. Betroffen sind nicht nur Wiesen und solche Orte, die sich die Natur zur\u00fcckholen konnte, sondern auch Retentionsr\u00e4ume von B\u00e4chen und Fl\u00fcssen. Die vorhandenen Gew\u00e4sser werden im Zuge der Bebauung stark eingeengt, was bei gleichzeitiger Fl\u00e4chenversiegelung Hochwassersch\u00e4den provoziert. Viele der noch verbliebenen undurchdringlichen Geh\u00f6lzfl\u00e4chen im Umfeld von Gew\u00e4ssern, die f\u00fcr Ausgleich sorgen, k\u00f6nnten ohne Schutzstatus verschwinden.<\/p>\n\n\n\n<p>Diese Gefahr sieht auch der Arbeitskreis Hallesche Auenw\u00e4lder, weshalb er seine Aktivit\u00e4ten zum Erhalt der wassernahmen Naturr\u00e4ume ausweiten und die l\u00e4nder\u00fcbergreifende Regionalgruppe Gera-Zeitz vergr\u00f6\u00dfern will. Im Fokus steht der 30 Kilometer lange Abschnitt der Wei\u00dfen Elster zwischen Gera und Zeitz, wobei auch die Nebengew\u00e4sser sowie die vorhandenen und verlorengegangenen Retentionsfl\u00e4chen betrachtet werden.<\/p>\n\n\n\n<p><a href=\"https:\/\/www.web-conzept-mn.de\/wp-content\/uploads\/2025\/05\/PresseerklaerungSchutzWeisseElsterGeraZeitz11.05.2025.pdf\">https:\/\/www.web-conzept-mn.de\/wp-content\/uploads\/2025\/05\/PresseerklaerungSchutzWeisseElsterGeraZeitz11.05.2025.pdf<\/a><\/p>\n\n\n\n<p>Bei einer Exkursion sahen sich die Mitglieder deshalb nicht nur das Gebiet entlang der Wei\u00dfen Elster an, sondern auch die Situation am M\u00fchlgraben, Gessenbach, Bieblacher Bach, Cubaer Bach sowie die M\u00fcndungsgebiete von Brahme, Erlbach und St\u00fcbnitzbach. Der Verein engagiert sich f\u00fcr den Schutz der Auen an der Wei\u00dfen Elster und die R\u00fcckgabe von Fl\u00e4chen. Zudem spricht er sich f\u00fcr die Entsiegelung von B\u00f6den und mehr Gr\u00fcnfl\u00e4chen in der Stadt aus.<\/p>\n\n\n\n<p>F\u00fcr Gera gibt es einen konkreten Vorschlag. Zwischen Kultur- und Kongresszentrum, Breitscheidstra\u00dfe und De-Smit-Stra\u00dfe k\u00f6nnte ein \u201eZentralpark Gera\u201c mit Wiesen, Geh\u00f6lz- und Aufenthaltsbereiche entstehen. Dies w\u00fcrde zu einer optischen Aufwertung des Stadtbildes beitragen und die Strukturvielfalt erh\u00f6hen. Eine gro\u00dfe Bedeutung wird auch dem M\u00fchlgraben beigemessen. Denn er spielt eine sehr wichtige hydrologische, \u00f6kologische und stadtgestalterische Rolle, wie die Mitglieder vor Ort festgestellt haben. Die am 22. August 2014 als \u201eFreie wissenschaftliche Arbeit zur Erlangung des akademischen Grades Master of Engineering im Studiengang Landschaftsarchitektur der Fachhochschule Erfurt \u2014 Studie zur nachhaltigen F\u00fchrung und gestalterischen Auspr\u00e4gung des M\u00fchlgrabens Gera im Kontext des st\u00e4dtebaulichen Umfelds\u201c kann sich der Verein als Diskussionsgrundlage vorstellen. Darin geht es um die Entwicklungsgeschichte, den fr\u00fcheren Verlauf, die Gestaltungsvarianten und Eigentumsverh\u00e4ltnisse.<\/p>\n\n\n\n<p>Der Verein will zudem einen Vorschlag f\u00fcr einen Naturerkenntnispfad in und an der Aue der Wei\u00dfen Elster im Norden der Stadt Gera erarbeiten. Dabei ist vorgesehen, die \u00f6kologische sowie landschafts- und stadtgestalterische Bedeutung des Gebietes herauszustellen sowie die M\u00f6glichkeit der Ankn\u00fcpfung an bestehende Naturlehrpfade zu pr\u00fcfen. Gelingt es, mit der \u00d6ffentlichkeits- und Bildungsarbeit ein gr\u00f6\u00dferes Bewusstsein f\u00fcr diese besonderen Naturfl\u00e4chen zu schaffen, k\u00f6nnte dem Fl\u00e4chenverbrauch durchaus Einhalt geboten werden, was in einem sich selbst regulierenden Gesamtsystem von gro\u00dfer Bedeutung ist.<\/p>\n","protected":false},"excerpt":{"rendered":"<div class=\"mh-excerpt\"><p>In Deutschland nimmt der Fl\u00e4chenverbrauch zu Lasten der Natur weiter zu. Obwohl es mancherorts gen\u00fcgend Alternativm\u00f6glichkeiten gibt, werden Gebiete bebaut oder f\u00fcr das menschliche Ordnungsempfinden hergerichtet, in denen sich die Natur \u00fcber einen l\u00e4ngeren Zeitraum <a class=\"mh-excerpt-more\" href=\"https:\/\/www.studiogera.de\/001\/2025\/05\/16\/schuetzenswerte-natur-entlang-der-weissen-elster\/\" title=\"SCH\u00dcTZENSWERTE NATUR ENTLANG DER WEISSEN ELSTER\">[&#8230;]<\/a><\/p>\n<\/div>","protected":false},"author":2,"featured_media":37285,"comment_status":"open","ping_status":"open","sticky":false,"template":"","format":"standard","meta":{"footnotes":""},"categories":[3],"tags":[],"class_list":{"0":"post-37283","1":"post","2":"type-post","3":"status-publish","4":"format-standard","5":"has-post-thumbnail","7":"category-lokal"},"_links":{"self":[{"href":"https:\/\/www.studiogera.de\/001\/wp-json\/wp\/v2\/posts\/37283","targetHints":{"allow":["GET"]}}],"collection":[{"href":"https:\/\/www.studiogera.de\/001\/wp-json\/wp\/v2\/posts"}],"about":[{"href":"https:\/\/www.studiogera.de\/001\/wp-json\/wp\/v2\/types\/post"}],"author":[{"embeddable":true,"href":"https:\/\/www.studiogera.de\/001\/wp-json\/wp\/v2\/users\/2"}],"replies":[{"embeddable":true,"href":"https:\/\/www.studiogera.de\/001\/wp-json\/wp\/v2\/comments?post=37283"}],"version-history":[{"count":4,"href":"https:\/\/www.studiogera.de\/001\/wp-json\/wp\/v2\/posts\/37283\/revisions"}],"predecessor-version":[{"id":37288,"href":"https:\/\/www.studiogera.de\/001\/wp-json\/wp\/v2\/posts\/37283\/revisions\/37288"}],"wp:featuredmedia":[{"embeddable":true,"href":"https:\/\/www.studiogera.de\/001\/wp-json\/wp\/v2\/media\/37285"}],"wp:attachment":[{"href":"https:\/\/www.studiogera.de\/001\/wp-json\/wp\/v2\/media?parent=37283"}],"wp:term":[{"taxonomy":"category","embeddable":true,"href":"https:\/\/www.studiogera.de\/001\/wp-json\/wp\/v2\/categories?post=37283"},{"taxonomy":"post_tag","embeddable":true,"href":"https:\/\/www.studiogera.de\/001\/wp-json\/wp\/v2\/tags?post=37283"}],"curies":[{"name":"wp","href":"https:\/\/api.w.org\/{rel}","templated":true}]}}