{"id":37292,"date":"2025-05-17T00:34:10","date_gmt":"2025-05-16T22:34:10","guid":{"rendered":"https:\/\/www.studiogera.de\/001\/?p=37292"},"modified":"2025-05-17T00:34:12","modified_gmt":"2025-05-16T22:34:12","slug":"internationaler-museumstag-am-18-mai-2025","status":"publish","type":"post","link":"https:\/\/www.studiogera.de\/001\/2025\/05\/17\/internationaler-museumstag-am-18-mai-2025\/","title":{"rendered":"INTERNATIONALER MUSEUMSTAG AM 18. MAI 2025"},"content":{"rendered":"\n<p>Am Sonntag, den 18. Mai 2025, ist es wieder so weit: Der Internationale Museumstag l\u00e4dt unter dem Motto \u201eMuseen mit Freude entdecken\u201c weltweit dazu ein, die Vielfalt und gesellschaftliche Bedeutung von Museen zu erleben. Auch die Museen in Gera \u00f6ffnen ihre T\u00fcren mit einem abwechslungsreichen Programm f\u00fcr Gro\u00df und Klein \u2013 ein perfekter Anlass, sich auf Entdeckungsreise zu begeben!<\/p>\n\n\n\n<p>Der Aktionstag will nicht nur Einblicke in die Sammlungen und Ausstellungen geben, sondern auch die Begeisterung f\u00fcr Kultur, Geschichte, Natur und Kunst wecken. Die Besucher k\u00f6nnen sich in Gera auf F\u00fchrungen, kreative Mitmachaktionen und spannende Vortr\u00e4ge freuen.<\/p>\n\n\n\n<p><strong>Museum f\u00fcr Naturkunde<\/strong><\/p>\n\n\n\n<ul class=\"wp-block-list\">\n<li>11.15 Uhr: F\u00fchrung durch die Kabinettausstellung \u201eSpurensuche \u2013 Wie sich Tiere, Pilze und Pflanzen verraten\u201c mit Dr. Andreas Gerth (f\u00fcr Schulkinder, Jugendliche und Erwachsene)<\/li>\n\n\n\n<li>13.30 Uhr und 14.30 Uhr: \u201eTierische Baumeister\u201c, Kurzvortrag, R\u00e4tselspa\u00df und Bastelaktion mit Frank Hrouda (speziell f\u00fcr Kinder und Jugendliche)<\/li>\n<\/ul>\n\n\n\n<p><strong>Otto-Dix-Haus<\/strong><\/p>\n\n\n\n<ul class=\"wp-block-list\">\n<li>11 Uhr: Vernissage der Ausstellung \u201eDie neue Sachlichkeit, das habe ich erfunden\u201c<\/li>\n<\/ul>\n\n\n\n<p>Die Ausstellung zum einhundertj\u00e4hrigen Jubil\u00e4um der legend\u00e4ren Mannheimer Schau pr\u00e4sentiert Werke von Otto Dix, seinen Sch\u00fclern und Weggef\u00e4hrten \u2013 eine beeindruckende Zeitreise in die Welt der Neuen Sachlichkeit.<\/p>\n\n\n\n<p><strong>Museum f\u00fcr Angewandte Kunst<\/strong><\/p>\n\n\n\n<ul class=\"wp-block-list\">\n<li>14 Uhr: F\u00fchrung durch den Aenne Biermann-Raum und Vorstellung von neuen Leihgaben mit Dirk Hoffmann<\/li>\n\n\n\n<li>15 Uhr: F\u00fchrung durch die Sonderausstellung \u201eKurt L\u00f6b. Buchgestaltung \u00f6ffnet Welten\u201c mit Kuratorin Anna Lehmann-Ertel<\/li>\n<\/ul>\n\n\n\n<p><strong>Orangerie<\/strong><\/p>\n\n\n\n<ul class=\"wp-block-list\">\n<li>11 Uhr bis 17 Uhr: Ausstellung \u201eOtto Dix. Trau Deinen Augen \u2013 Die neue Werkschau\u201c<\/li>\n<\/ul>\n\n\n\n<p><strong>Stadtmuseum<\/strong><\/p>\n\n\n\n<ul class=\"wp-block-list\">\n<li>geschlossen; ab 31. Mai 2025 gro\u00dfe Sonderausstellung \u201eDas bedeutet Krieg. Stadt und Menschen in bewaffneten Konflikten\u201c<\/li>\n<\/ul>\n\n\n\n<p>QUELLE: STADTVERWALTUNG<\/p>\n","protected":false},"excerpt":{"rendered":"<div class=\"mh-excerpt\"><p>Am Sonntag, den 18. Mai 2025, ist es wieder so weit: Der Internationale Museumstag l\u00e4dt unter dem Motto \u201eMuseen mit Freude entdecken\u201c weltweit dazu ein, die Vielfalt und gesellschaftliche Bedeutung von Museen zu erleben. Auch <a class=\"mh-excerpt-more\" href=\"https:\/\/www.studiogera.de\/001\/2025\/05\/17\/internationaler-museumstag-am-18-mai-2025\/\" title=\"INTERNATIONALER MUSEUMSTAG AM 18. MAI 2025\">[&#8230;]<\/a><\/p>\n<\/div>","protected":false},"author":2,"featured_media":35624,"comment_status":"open","ping_status":"open","sticky":false,"template":"","format":"standard","meta":{"footnotes":""},"categories":[8],"tags":[],"class_list":{"0":"post-37292","1":"post","2":"type-post","3":"status-publish","4":"format-standard","5":"has-post-thumbnail","7":"category-kultur"},"_links":{"self":[{"href":"https:\/\/www.studiogera.de\/001\/wp-json\/wp\/v2\/posts\/37292","targetHints":{"allow":["GET"]}}],"collection":[{"href":"https:\/\/www.studiogera.de\/001\/wp-json\/wp\/v2\/posts"}],"about":[{"href":"https:\/\/www.studiogera.de\/001\/wp-json\/wp\/v2\/types\/post"}],"author":[{"embeddable":true,"href":"https:\/\/www.studiogera.de\/001\/wp-json\/wp\/v2\/users\/2"}],"replies":[{"embeddable":true,"href":"https:\/\/www.studiogera.de\/001\/wp-json\/wp\/v2\/comments?post=37292"}],"version-history":[{"count":1,"href":"https:\/\/www.studiogera.de\/001\/wp-json\/wp\/v2\/posts\/37292\/revisions"}],"predecessor-version":[{"id":37293,"href":"https:\/\/www.studiogera.de\/001\/wp-json\/wp\/v2\/posts\/37292\/revisions\/37293"}],"wp:featuredmedia":[{"embeddable":true,"href":"https:\/\/www.studiogera.de\/001\/wp-json\/wp\/v2\/media\/35624"}],"wp:attachment":[{"href":"https:\/\/www.studiogera.de\/001\/wp-json\/wp\/v2\/media?parent=37292"}],"wp:term":[{"taxonomy":"category","embeddable":true,"href":"https:\/\/www.studiogera.de\/001\/wp-json\/wp\/v2\/categories?post=37292"},{"taxonomy":"post_tag","embeddable":true,"href":"https:\/\/www.studiogera.de\/001\/wp-json\/wp\/v2\/tags?post=37292"}],"curies":[{"name":"wp","href":"https:\/\/api.w.org\/{rel}","templated":true}]}}