{"id":37296,"date":"2025-05-17T01:04:27","date_gmt":"2025-05-16T23:04:27","guid":{"rendered":"https:\/\/www.studiogera.de\/001\/?p=37296"},"modified":"2025-05-17T01:04:28","modified_gmt":"2025-05-16T23:04:28","slug":"brennendes-unterholz-im-stadtwald-3","status":"publish","type":"post","link":"https:\/\/www.studiogera.de\/001\/2025\/05\/17\/brennendes-unterholz-im-stadtwald-3\/","title":{"rendered":"BRENNENDES UNTERHOLZ IM STADTWALD"},"content":{"rendered":"\n<p>Am Montag, den 12. Mai 2025, wurde der Polizei gegen 11.40 Uhr ein Brand im Stadtwald gemeldet. Der oder die unbekannten T\u00e4ter hatten auf bisher unbekannte Weise ein Feuer im Unterholz des Stadtwaldes entz\u00fcndet. Etwa 400 Quadratmeter des Waldbodens wurden durch das Feuer besch\u00e4digt. Der entstandene Schaden wird auf einen mittleren vierstelligen Betrag gesch\u00e4tzt. Die Polizei hat die Ermittlungen zur Brandursache aufgenommen. Eine m\u00f6gliche Brandstiftung wird in Betracht gezogen. Zeugen, die Beobachtungen gemacht haben oder Hinweise zum Vorfall geben k\u00f6nnen, werden gebeten, sich bei der Polizei unter der Rufnummer +4936582341465 zu melden. Am Telefon ist die Bezugsnummer 0120745\/2025 anzugeben.<\/p>\n","protected":false},"excerpt":{"rendered":"<div class=\"mh-excerpt\"><p>Am Montag, den 12. Mai 2025, wurde der Polizei gegen 11.40 Uhr ein Brand im Stadtwald gemeldet. Der oder die unbekannten T\u00e4ter hatten auf bisher unbekannte Weise ein Feuer im Unterholz des Stadtwaldes entz\u00fcndet. Etwa <a class=\"mh-excerpt-more\" href=\"https:\/\/www.studiogera.de\/001\/2025\/05\/17\/brennendes-unterholz-im-stadtwald-3\/\" title=\"BRENNENDES UNTERHOLZ IM STADTWALD\">[&#8230;]<\/a><\/p>\n<\/div>","protected":false},"author":2,"featured_media":9362,"comment_status":"open","ping_status":"open","sticky":false,"template":"","format":"standard","meta":{"footnotes":""},"categories":[13],"tags":[],"class_list":{"0":"post-37296","1":"post","2":"type-post","3":"status-publish","4":"format-standard","5":"has-post-thumbnail","7":"category-polizeiberichte"},"_links":{"self":[{"href":"https:\/\/www.studiogera.de\/001\/wp-json\/wp\/v2\/posts\/37296","targetHints":{"allow":["GET"]}}],"collection":[{"href":"https:\/\/www.studiogera.de\/001\/wp-json\/wp\/v2\/posts"}],"about":[{"href":"https:\/\/www.studiogera.de\/001\/wp-json\/wp\/v2\/types\/post"}],"author":[{"embeddable":true,"href":"https:\/\/www.studiogera.de\/001\/wp-json\/wp\/v2\/users\/2"}],"replies":[{"embeddable":true,"href":"https:\/\/www.studiogera.de\/001\/wp-json\/wp\/v2\/comments?post=37296"}],"version-history":[{"count":1,"href":"https:\/\/www.studiogera.de\/001\/wp-json\/wp\/v2\/posts\/37296\/revisions"}],"predecessor-version":[{"id":37297,"href":"https:\/\/www.studiogera.de\/001\/wp-json\/wp\/v2\/posts\/37296\/revisions\/37297"}],"wp:featuredmedia":[{"embeddable":true,"href":"https:\/\/www.studiogera.de\/001\/wp-json\/wp\/v2\/media\/9362"}],"wp:attachment":[{"href":"https:\/\/www.studiogera.de\/001\/wp-json\/wp\/v2\/media?parent=37296"}],"wp:term":[{"taxonomy":"category","embeddable":true,"href":"https:\/\/www.studiogera.de\/001\/wp-json\/wp\/v2\/categories?post=37296"},{"taxonomy":"post_tag","embeddable":true,"href":"https:\/\/www.studiogera.de\/001\/wp-json\/wp\/v2\/tags?post=37296"}],"curies":[{"name":"wp","href":"https:\/\/api.w.org\/{rel}","templated":true}]}}