{"id":37298,"date":"2025-05-17T01:08:04","date_gmt":"2025-05-16T23:08:04","guid":{"rendered":"https:\/\/www.studiogera.de\/001\/?p=37298"},"modified":"2025-05-17T01:08:04","modified_gmt":"2025-05-16T23:08:04","slug":"vu-mit-schwer-verletztem-fussgaenger","status":"publish","type":"post","link":"https:\/\/www.studiogera.de\/001\/2025\/05\/17\/vu-mit-schwer-verletztem-fussgaenger\/","title":{"rendered":"VU MIT SCHWER VERLETZTEM FUSSG\u00c4NGER"},"content":{"rendered":"\n<p>Am Montag, den 12. Mai 2025, ereignete sich gegen 15.20 Uhr in der Clara-Zetkin-Stra\u00dfe ein Verkehrsunfall, bei dem ein 44-j\u00e4hriger Fu\u00dfg\u00e4nger schwer verletzt wurde. Nach bisherigen Erkenntnissen querte der Mann die Fahrbahn, ohne die in unmittelbarer N\u00e4he befindliche Fu\u00dfg\u00e4ngerampel zu nutzen. Dabei achtete er offenbar nicht auf den flie\u00dfenden Fahrzeugverkehr. Ein 20-j\u00e4hriger PKW-Fahrer, der in Richtung Puschkinplatz fuhr, konnte einen Zusammensto\u00df nicht verhindern. Der Fu\u00dfg\u00e4nger wurde in ein Krankenhaus zur weiteren Behandlung verbracht. Am PKW entstand Sachschaden in H\u00f6he eines hohen dreistelligen Betrages. Die Polizei hat die Ermittlungen zum Unfallhergang aufgenommen.<\/p>\n","protected":false},"excerpt":{"rendered":"<div class=\"mh-excerpt\"><p>Am Montag, den 12. Mai 2025, ereignete sich gegen 15.20 Uhr in der Clara-Zetkin-Stra\u00dfe ein Verkehrsunfall, bei dem ein 44-j\u00e4hriger Fu\u00dfg\u00e4nger schwer verletzt wurde. Nach bisherigen Erkenntnissen querte der Mann die Fahrbahn, ohne die in <a class=\"mh-excerpt-more\" href=\"https:\/\/www.studiogera.de\/001\/2025\/05\/17\/vu-mit-schwer-verletztem-fussgaenger\/\" title=\"VU MIT SCHWER VERLETZTEM FUSSG\u00c4NGER\">[&#8230;]<\/a><\/p>\n<\/div>","protected":false},"author":2,"featured_media":34868,"comment_status":"open","ping_status":"open","sticky":false,"template":"","format":"standard","meta":{"footnotes":""},"categories":[13],"tags":[],"class_list":{"0":"post-37298","1":"post","2":"type-post","3":"status-publish","4":"format-standard","5":"has-post-thumbnail","7":"category-polizeiberichte"},"_links":{"self":[{"href":"https:\/\/www.studiogera.de\/001\/wp-json\/wp\/v2\/posts\/37298","targetHints":{"allow":["GET"]}}],"collection":[{"href":"https:\/\/www.studiogera.de\/001\/wp-json\/wp\/v2\/posts"}],"about":[{"href":"https:\/\/www.studiogera.de\/001\/wp-json\/wp\/v2\/types\/post"}],"author":[{"embeddable":true,"href":"https:\/\/www.studiogera.de\/001\/wp-json\/wp\/v2\/users\/2"}],"replies":[{"embeddable":true,"href":"https:\/\/www.studiogera.de\/001\/wp-json\/wp\/v2\/comments?post=37298"}],"version-history":[{"count":1,"href":"https:\/\/www.studiogera.de\/001\/wp-json\/wp\/v2\/posts\/37298\/revisions"}],"predecessor-version":[{"id":37299,"href":"https:\/\/www.studiogera.de\/001\/wp-json\/wp\/v2\/posts\/37298\/revisions\/37299"}],"wp:featuredmedia":[{"embeddable":true,"href":"https:\/\/www.studiogera.de\/001\/wp-json\/wp\/v2\/media\/34868"}],"wp:attachment":[{"href":"https:\/\/www.studiogera.de\/001\/wp-json\/wp\/v2\/media?parent=37298"}],"wp:term":[{"taxonomy":"category","embeddable":true,"href":"https:\/\/www.studiogera.de\/001\/wp-json\/wp\/v2\/categories?post=37298"},{"taxonomy":"post_tag","embeddable":true,"href":"https:\/\/www.studiogera.de\/001\/wp-json\/wp\/v2\/tags?post=37298"}],"curies":[{"name":"wp","href":"https:\/\/api.w.org\/{rel}","templated":true}]}}