{"id":37416,"date":"2025-05-22T11:26:27","date_gmt":"2025-05-22T09:26:27","guid":{"rendered":"https:\/\/www.studiogera.de\/001\/?p=37416"},"modified":"2025-05-22T11:26:28","modified_gmt":"2025-05-22T09:26:28","slug":"hunderte-besucher-am-wochenende-auf-dem-marktplatz","status":"publish","type":"post","link":"https:\/\/www.studiogera.de\/001\/2025\/05\/22\/hunderte-besucher-am-wochenende-auf-dem-marktplatz\/","title":{"rendered":"HUNDERTE BESUCHER AM WOCHENENDE AUF DEM MARKTPLATZ"},"content":{"rendered":"\n<p>Als sich der Geraer Marktplatz am Wochenende zum Treffpunkt f\u00fcr Kreative aus der Stadt und der Region verwandelte, war das Interesse gro\u00df: Hunderte Besucherinnen und Besucher nutzten die Gelegenheit, um handgefertigte Unikate zu bestaunen, kulinarische K\u00f6stlichkeiten zu probieren oder auch dem musikalische Programm von Musikern und Bands zu lauschen. Zahlreiche Mitmachangebote wie Keramik bemalen, Haarstr\u00e4hnen flechten oder auch Wunden schminken luden zudem dazu ein, sich selbst auszuprobieren. Geras Citymanagerin Amelie Becker ist mit der Resonanz zufrieden:<\/p>\n\n\n\n<blockquote class=\"wp-block-quote is-layout-flow wp-block-quote-is-layout-flow\">\n<p>\u201eDer Pop-Up-Markt war ein voller Erfolg. Dass es uns gelungen ist, mit dieser Veranstaltung so viele Menschen in die Innenstadt zu locken, zeigt, dass wir mit dieser Art Format die Interessen unserer B\u00fcrgerinnen und B\u00fcrger treffen und gleichzeitig die Stadt attraktiv und lebendig gestalten k\u00f6nnen.\u201c<\/p>\n<\/blockquote>\n\n\n\n<p>Daran gelte es nun anzukn\u00fcpfen, um einen nachhaltigen Effekt f\u00fcr Geras Zentrum zu schaffen. Die Vorzeichen f\u00fcr eine Fortsetzung des Konzepts stehen dabei gut: Sowohl das Res\u00fcmee der Aussteller als auch der Besucher war an dem Tag nach Angaben der Citymanagerin sehr positiv gewesen. Zudem sei das Interesse der Akteure, die sich auf der Veranstaltung mit ihren Angeboten pr\u00e4sentieren wollten, bereits am vergangenen Wochenende gr\u00f6\u00dfer gewesen als die Kapazit\u00e4ten des Marktes. Ziel sei es daher, den Pop-Up-Markt im n\u00e4chsten Jahr zu wiederholen.<\/p>\n\n\n\n<p>QUELLE: STADTVERWALTUNG<\/p>\n","protected":false},"excerpt":{"rendered":"<div class=\"mh-excerpt\"><p>Als sich der Geraer Marktplatz am Wochenende zum Treffpunkt f\u00fcr Kreative aus der Stadt und der Region verwandelte, war das Interesse gro\u00df: Hunderte Besucherinnen und Besucher nutzten die Gelegenheit, um handgefertigte Unikate zu bestaunen, kulinarische <a class=\"mh-excerpt-more\" href=\"https:\/\/www.studiogera.de\/001\/2025\/05\/22\/hunderte-besucher-am-wochenende-auf-dem-marktplatz\/\" title=\"HUNDERTE BESUCHER AM WOCHENENDE AUF DEM MARKTPLATZ\">[&#8230;]<\/a><\/p>\n<\/div>","protected":false},"author":2,"featured_media":37417,"comment_status":"open","ping_status":"open","sticky":false,"template":"","format":"standard","meta":{"footnotes":""},"categories":[8],"tags":[],"class_list":{"0":"post-37416","1":"post","2":"type-post","3":"status-publish","4":"format-standard","5":"has-post-thumbnail","7":"category-kultur"},"_links":{"self":[{"href":"https:\/\/www.studiogera.de\/001\/wp-json\/wp\/v2\/posts\/37416","targetHints":{"allow":["GET"]}}],"collection":[{"href":"https:\/\/www.studiogera.de\/001\/wp-json\/wp\/v2\/posts"}],"about":[{"href":"https:\/\/www.studiogera.de\/001\/wp-json\/wp\/v2\/types\/post"}],"author":[{"embeddable":true,"href":"https:\/\/www.studiogera.de\/001\/wp-json\/wp\/v2\/users\/2"}],"replies":[{"embeddable":true,"href":"https:\/\/www.studiogera.de\/001\/wp-json\/wp\/v2\/comments?post=37416"}],"version-history":[{"count":1,"href":"https:\/\/www.studiogera.de\/001\/wp-json\/wp\/v2\/posts\/37416\/revisions"}],"predecessor-version":[{"id":37418,"href":"https:\/\/www.studiogera.de\/001\/wp-json\/wp\/v2\/posts\/37416\/revisions\/37418"}],"wp:featuredmedia":[{"embeddable":true,"href":"https:\/\/www.studiogera.de\/001\/wp-json\/wp\/v2\/media\/37417"}],"wp:attachment":[{"href":"https:\/\/www.studiogera.de\/001\/wp-json\/wp\/v2\/media?parent=37416"}],"wp:term":[{"taxonomy":"category","embeddable":true,"href":"https:\/\/www.studiogera.de\/001\/wp-json\/wp\/v2\/categories?post=37416"},{"taxonomy":"post_tag","embeddable":true,"href":"https:\/\/www.studiogera.de\/001\/wp-json\/wp\/v2\/tags?post=37416"}],"curies":[{"name":"wp","href":"https:\/\/api.w.org\/{rel}","templated":true}]}}