{"id":37421,"date":"2025-05-22T11:31:21","date_gmt":"2025-05-22T09:31:21","guid":{"rendered":"https:\/\/www.studiogera.de\/001\/?p=37421"},"modified":"2025-05-22T11:31:22","modified_gmt":"2025-05-22T09:31:22","slug":"wohnungseinbruch-in-bieblach-2","status":"publish","type":"post","link":"https:\/\/www.studiogera.de\/001\/2025\/05\/22\/wohnungseinbruch-in-bieblach-2\/","title":{"rendered":"WOHNUNGSEINBRUCH IN BIEBLACH"},"content":{"rendered":"\n<p>Am 21. Mai 2025 verschafften sich unbekannte T\u00e4ter zwischen 10.35 Uhr und 13.30 Uhr gewaltsam Zugang zu einer Wohnung in der Johannes-R.-Becher-Stra\u00dfe. Aus der Wohnung des 64-j\u00e4hrigen Anwohners entwenden die Unbekannten schlie\u00dflich Bargeld und Goldschmuck im Gesamtwert von mehreren Tausend Euro. Die Kriminalpolizei hat die Ermittlungen aufgenommen und bittet Zeugen, sich zu melden. Die Rufnummer lautet +4936582341465. Am Telefon ist die Bezugsnummer 0130496\/2025 anzugeben.<\/p>\n","protected":false},"excerpt":{"rendered":"<div class=\"mh-excerpt\"><p>Am 21. Mai 2025 verschafften sich unbekannte T\u00e4ter zwischen 10.35 Uhr und 13.30 Uhr gewaltsam Zugang zu einer Wohnung in der Johannes-R.-Becher-Stra\u00dfe. Aus der Wohnung des 64-j\u00e4hrigen Anwohners entwenden die Unbekannten schlie\u00dflich Bargeld und Goldschmuck <a class=\"mh-excerpt-more\" href=\"https:\/\/www.studiogera.de\/001\/2025\/05\/22\/wohnungseinbruch-in-bieblach-2\/\" title=\"WOHNUNGSEINBRUCH IN BIEBLACH\">[&#8230;]<\/a><\/p>\n<\/div>","protected":false},"author":2,"featured_media":9351,"comment_status":"open","ping_status":"open","sticky":false,"template":"","format":"standard","meta":{"footnotes":""},"categories":[13],"tags":[],"class_list":{"0":"post-37421","1":"post","2":"type-post","3":"status-publish","4":"format-standard","5":"has-post-thumbnail","7":"category-polizeiberichte"},"_links":{"self":[{"href":"https:\/\/www.studiogera.de\/001\/wp-json\/wp\/v2\/posts\/37421","targetHints":{"allow":["GET"]}}],"collection":[{"href":"https:\/\/www.studiogera.de\/001\/wp-json\/wp\/v2\/posts"}],"about":[{"href":"https:\/\/www.studiogera.de\/001\/wp-json\/wp\/v2\/types\/post"}],"author":[{"embeddable":true,"href":"https:\/\/www.studiogera.de\/001\/wp-json\/wp\/v2\/users\/2"}],"replies":[{"embeddable":true,"href":"https:\/\/www.studiogera.de\/001\/wp-json\/wp\/v2\/comments?post=37421"}],"version-history":[{"count":1,"href":"https:\/\/www.studiogera.de\/001\/wp-json\/wp\/v2\/posts\/37421\/revisions"}],"predecessor-version":[{"id":37422,"href":"https:\/\/www.studiogera.de\/001\/wp-json\/wp\/v2\/posts\/37421\/revisions\/37422"}],"wp:featuredmedia":[{"embeddable":true,"href":"https:\/\/www.studiogera.de\/001\/wp-json\/wp\/v2\/media\/9351"}],"wp:attachment":[{"href":"https:\/\/www.studiogera.de\/001\/wp-json\/wp\/v2\/media?parent=37421"}],"wp:term":[{"taxonomy":"category","embeddable":true,"href":"https:\/\/www.studiogera.de\/001\/wp-json\/wp\/v2\/categories?post=37421"},{"taxonomy":"post_tag","embeddable":true,"href":"https:\/\/www.studiogera.de\/001\/wp-json\/wp\/v2\/tags?post=37421"}],"curies":[{"name":"wp","href":"https:\/\/api.w.org\/{rel}","templated":true}]}}