{"id":37423,"date":"2025-05-23T00:05:13","date_gmt":"2025-05-22T22:05:13","guid":{"rendered":"https:\/\/www.studiogera.de\/001\/?p=37423"},"modified":"2025-05-23T00:05:14","modified_gmt":"2025-05-22T22:05:14","slug":"relative-ruhe-und-sinkende-afd-umfragewerte","status":"publish","type":"post","link":"https:\/\/www.studiogera.de\/001\/2025\/05\/23\/relative-ruhe-und-sinkende-afd-umfragewerte\/","title":{"rendered":"RELATIVE RUHE UND SINKENDE AFD-UMFRAGEWERTE"},"content":{"rendered":"\n<p>Die Umfragewerte der AFD sind zuletzt wieder etwas gesunken, nachdem sie zuvor die Union in einigen Umfragen eingeholt hatte. Derzeit liegt die AFD wieder hinter CDU\/CSU, etwa bei 24 %, w\u00e4hrend die Union auf 26 % kommt.<\/p>\n\n\n\n<p>Es gibt mehrere m\u00f6gliche Gr\u00fcnde f\u00fcr diesen R\u00fcckgang: Es gibt derzeit keine Ereignisse, die die AFD f\u00fcr sich gewinnbringend nutzen kann. Den Gewalttaten, bei denen die T\u00e4ter einen Migrationshintergrund hatten, kam nur wenig Aufmerksamkeit zu. M\u00f6glicherweise ist eine gewisse Ersch\u00f6pfung bei den Wahlberechtigten eingetreten. Die anderen Kernthemen der AFD werden ebenfalls kaum bedient, sodass derzeit eine relative Ruhe zu beobachten ist. Die j\u00fcngste Einstufung der AFD durch das Bundesamt f\u00fcr Verfassungsschutz als \u201egesichert rechtsextremistisch\u201c k\u00f6nnte das Vertrauen vieler W\u00e4hler in die Partei zudem geschw\u00e4cht haben. Auch die darauffolgende \u00f6ffentliche Debatte und Proteste gegen die AFD wirken sich offenbar negativ auf die Umfragewerte aus. Die Union aus CDU und CSU hat in den vergangenen Wochen in den Umfragen wieder zugelegt und damit W\u00e4hler zur\u00fcckgewonnen, die zuvor zur AFD abgewandert waren. Sie wird zudem von mehr Menschen, besonders den \u00e4lteren, als kompetenter bei der L\u00f6sung politischer Probleme eingesch\u00e4tzt, was zu einem weiteren R\u00fcckgang der AFD-Werte beitr\u00e4gt.<\/p>\n\n\n\n<p>Auch andere Parteien wie die SPD und Linkspartei konnten zuletzt leicht zulegen oder sich auf dem jetzigen Niveau stabilisieren, w\u00e4hrend die AFD und das B\u00fcndnis Sahra Wagenknecht jeweils leichte Verluste hinnehmen m\u00fcssen. Die Konkurrenz im rechten und linken Spektrum sorgt ebenfalls f\u00fcr eine Umverteilung der Stimmen. Nimmt der Unmut infolge bestimmter Ereignisse oder aufgrund politischer Entscheidungen wieder zu, k\u00f6nnte die AFD jedoch erneut den ersten Platz in den Umfragen belegen.<\/p>\n","protected":false},"excerpt":{"rendered":"<div class=\"mh-excerpt\"><p>Die Umfragewerte der AFD sind zuletzt wieder etwas gesunken, nachdem sie zuvor die Union in einigen Umfragen eingeholt hatte. Derzeit liegt die AFD wieder hinter CDU\/CSU, etwa bei 24 %, w\u00e4hrend die Union auf 26 <a class=\"mh-excerpt-more\" href=\"https:\/\/www.studiogera.de\/001\/2025\/05\/23\/relative-ruhe-und-sinkende-afd-umfragewerte\/\" title=\"RELATIVE RUHE UND SINKENDE AFD-UMFRAGEWERTE\">[&#8230;]<\/a><\/p>\n<\/div>","protected":false},"author":2,"featured_media":37427,"comment_status":"open","ping_status":"open","sticky":false,"template":"","format":"standard","meta":{"footnotes":""},"categories":[2],"tags":[],"class_list":{"0":"post-37423","1":"post","2":"type-post","3":"status-publish","4":"format-standard","5":"has-post-thumbnail","7":"category-weltweit"},"_links":{"self":[{"href":"https:\/\/www.studiogera.de\/001\/wp-json\/wp\/v2\/posts\/37423","targetHints":{"allow":["GET"]}}],"collection":[{"href":"https:\/\/www.studiogera.de\/001\/wp-json\/wp\/v2\/posts"}],"about":[{"href":"https:\/\/www.studiogera.de\/001\/wp-json\/wp\/v2\/types\/post"}],"author":[{"embeddable":true,"href":"https:\/\/www.studiogera.de\/001\/wp-json\/wp\/v2\/users\/2"}],"replies":[{"embeddable":true,"href":"https:\/\/www.studiogera.de\/001\/wp-json\/wp\/v2\/comments?post=37423"}],"version-history":[{"count":4,"href":"https:\/\/www.studiogera.de\/001\/wp-json\/wp\/v2\/posts\/37423\/revisions"}],"predecessor-version":[{"id":37428,"href":"https:\/\/www.studiogera.de\/001\/wp-json\/wp\/v2\/posts\/37423\/revisions\/37428"}],"wp:featuredmedia":[{"embeddable":true,"href":"https:\/\/www.studiogera.de\/001\/wp-json\/wp\/v2\/media\/37427"}],"wp:attachment":[{"href":"https:\/\/www.studiogera.de\/001\/wp-json\/wp\/v2\/media?parent=37423"}],"wp:term":[{"taxonomy":"category","embeddable":true,"href":"https:\/\/www.studiogera.de\/001\/wp-json\/wp\/v2\/categories?post=37423"},{"taxonomy":"post_tag","embeddable":true,"href":"https:\/\/www.studiogera.de\/001\/wp-json\/wp\/v2\/tags?post=37423"}],"curies":[{"name":"wp","href":"https:\/\/api.w.org\/{rel}","templated":true}]}}