{"id":37439,"date":"2025-05-23T00:56:27","date_gmt":"2025-05-22T22:56:27","guid":{"rendered":"https:\/\/www.studiogera.de\/001\/?p=37439"},"modified":"2025-05-23T00:56:28","modified_gmt":"2025-05-22T22:56:28","slug":"keine-wesentliche-fruehjahrsbelebung-erkennbar","status":"publish","type":"post","link":"https:\/\/www.studiogera.de\/001\/2025\/05\/23\/keine-wesentliche-fruehjahrsbelebung-erkennbar\/","title":{"rendered":"KEINE WESENTLICHE FR\u00dcHJAHRSBELEBUNG ERKENNBAR"},"content":{"rendered":"\n<p>Die Konjunktur in Ostth\u00fcringen pr\u00e4sentiert sich im Fr\u00fchjahr 2025 nur wenig dynamisch. Zwar ist die Stimmung in der hiesigen Wirtschaft nicht mehr so pessimistisch wie zu Jahresbeginn, ein Ende der Schw\u00e4chephase signalisieren die j\u00fcngsten Ergebnisse aber nicht \u2013 daf\u00fcr f\u00e4llt die Belebung zu schwach aus: Das teilt die IHK Ostth\u00fcringen zu Gera mit. An deren Konjunkturumfrage beteiligten sich 360 Unternehmen mit insgesamt 15&#8217;300 Besch\u00e4ftigten.<\/p>\n\n\n\n<p>Der IHK-Konjunkturklimaindikator zeigt gegen\u00fcber der Vorumfrage einen leichten Anstieg, doch die Stimmung der Unternehmen bleibt im Zehnjahresvergleich klar unterdurchschnittlich. Die Bewertungen der laufenden Gesch\u00e4fte bleiben verhalten und verbessern sich gegen\u00fcber der Vorumfrage kaum. Leicht r\u00fcckl\u00e4ufig ist indessen der Anteil der negativen Lageurteile. Bei den Erwartungen f\u00fcr die kommenden zw\u00f6lf Monate hat die Skepsis etwas nachgelassen. Hoffnungen auf positive Impulse durch das geplante Infrastrukturpaket der neuen Bundesregierung sind in den Einsch\u00e4tzungen bereits ber\u00fccksichtigt. Die Spielr\u00e4ume f\u00fcr teils dringend notwendige Ausgaben zur Transformation und zur Steigerung der Wettbewerbsf\u00e4higkeit sind derzeit vielerorts zu klein. Mit h\u00f6heren Ausgaben planen derzeit nur 13 % der Befragten, und damit genauso viele wie in der vorangegangenen Umfrage. Bei der Besch\u00e4ftigung rechnen 23 % der Betriebe nach wie vor eher mit einem R\u00fcckgang. Die deutliche Mehrheit der Unternehmen, 69 %, will versuchen, den Personalbestand zu halten \u2013 nicht zuletzt aufgrund der demografischen Situation und des Fachkr\u00e4ftemangels. Geopolitische Spannungen belasten weiter die Erwartungen der Unternehmen an das Exportgesch\u00e4ft. Zudem ist eine deutliche Erh\u00f6hung der US-Z\u00f6lle auf Waren aus der EU noch nicht vom Tisch. Bei der Einsch\u00e4tzung der Entwicklung ihrer Ausfuhren sind die Firmen entsprechend zur\u00fcckhaltend. Nur 6 % der Befragten rechnen mit einem Anstieg der Auslandsnachfrage, 21 % hingegen mit einem R\u00fcckgang.<\/p>\n\n\n\n<p>QUELLE: IHK<\/p>\n","protected":false},"excerpt":{"rendered":"<div class=\"mh-excerpt\"><p>Die Konjunktur in Ostth\u00fcringen pr\u00e4sentiert sich im Fr\u00fchjahr 2025 nur wenig dynamisch. Zwar ist die Stimmung in der hiesigen Wirtschaft nicht mehr so pessimistisch wie zu Jahresbeginn, ein Ende der Schw\u00e4chephase signalisieren die j\u00fcngsten Ergebnisse <a class=\"mh-excerpt-more\" href=\"https:\/\/www.studiogera.de\/001\/2025\/05\/23\/keine-wesentliche-fruehjahrsbelebung-erkennbar\/\" title=\"KEINE WESENTLICHE FR\u00dcHJAHRSBELEBUNG ERKENNBAR\">[&#8230;]<\/a><\/p>\n<\/div>","protected":false},"author":2,"featured_media":26832,"comment_status":"open","ping_status":"open","sticky":false,"template":"","format":"standard","meta":{"footnotes":""},"categories":[4],"tags":[],"class_list":{"0":"post-37439","1":"post","2":"type-post","3":"status-publish","4":"format-standard","5":"has-post-thumbnail","7":"category-wirtschaft"},"_links":{"self":[{"href":"https:\/\/www.studiogera.de\/001\/wp-json\/wp\/v2\/posts\/37439","targetHints":{"allow":["GET"]}}],"collection":[{"href":"https:\/\/www.studiogera.de\/001\/wp-json\/wp\/v2\/posts"}],"about":[{"href":"https:\/\/www.studiogera.de\/001\/wp-json\/wp\/v2\/types\/post"}],"author":[{"embeddable":true,"href":"https:\/\/www.studiogera.de\/001\/wp-json\/wp\/v2\/users\/2"}],"replies":[{"embeddable":true,"href":"https:\/\/www.studiogera.de\/001\/wp-json\/wp\/v2\/comments?post=37439"}],"version-history":[{"count":1,"href":"https:\/\/www.studiogera.de\/001\/wp-json\/wp\/v2\/posts\/37439\/revisions"}],"predecessor-version":[{"id":37440,"href":"https:\/\/www.studiogera.de\/001\/wp-json\/wp\/v2\/posts\/37439\/revisions\/37440"}],"wp:featuredmedia":[{"embeddable":true,"href":"https:\/\/www.studiogera.de\/001\/wp-json\/wp\/v2\/media\/26832"}],"wp:attachment":[{"href":"https:\/\/www.studiogera.de\/001\/wp-json\/wp\/v2\/media?parent=37439"}],"wp:term":[{"taxonomy":"category","embeddable":true,"href":"https:\/\/www.studiogera.de\/001\/wp-json\/wp\/v2\/categories?post=37439"},{"taxonomy":"post_tag","embeddable":true,"href":"https:\/\/www.studiogera.de\/001\/wp-json\/wp\/v2\/tags?post=37439"}],"curies":[{"name":"wp","href":"https:\/\/api.w.org\/{rel}","templated":true}]}}