{"id":37441,"date":"2025-05-23T01:11:34","date_gmt":"2025-05-22T23:11:34","guid":{"rendered":"https:\/\/www.studiogera.de\/001\/?p=37441"},"modified":"2025-05-23T01:11:35","modified_gmt":"2025-05-22T23:11:35","slug":"neugestalteter-jugendbereich-in-der-bibliothek","status":"publish","type":"post","link":"https:\/\/www.studiogera.de\/001\/2025\/05\/23\/neugestalteter-jugendbereich-in-der-bibliothek\/","title":{"rendered":"NEUGESTALTETER JUGENDBEREICH IN DER BIBLIOTHEK"},"content":{"rendered":"\n<p>Frische Farbe, neues Raumkonzept, Sitzs\u00e4cke, ein integrierter Arbeitsbereich \u2013 so pr\u00e4sentiert sich der neugestaltete Jugendbereich in der Geraer Bibliothek. Am Freitag, den 23. Mai 2025, um 12.30 Uhr wird er offiziell eingeweiht.<\/p>\n\n\n\n<p>Vor knapp einem Jahr startete die Stadt- und Regionalbibliothek in Kooperation mit dem Jugendamt der Stadt Gera und der 8. Klasse der Entdecker-Gemeinschaftsschule Gera\/Semper Schulen ein Projekt zur Umgestaltung des Bereichs f\u00fcr junge Menschen zwischen 13 und 20 Jahren. Ziel war es, einen Ort zu schaffen, an dem Jugendliche nicht nur Medien entdecken k\u00f6nnen, sondern der auch einl\u00e4dt, kreativ zu arbeiten, zu lernen und sich mit Gleichgesinnten auszutauschen.<\/p>\n\n\n\n<p>Im ersten Schritt wurde gemeinsam mit den Sch\u00fclern nach einer Vorortbesichtigung eine Onlineumfrage entwickelt und im Herbst 2024 erfolgreich durchgef\u00fchrt. An der Umfrage, die Jugendliche nach ihrer Meinung zu Themen wie Raumgestaltung, moderne Medien, Freizeitangebote und digitale Dienste befragte, beteiligten sich 453 Teilnehmer bei insgesamt 1104 Aufrufen. Im Ergebnis stellten sich mehre Schwerpunkte f\u00fcr die Neugestaltung dar. Lesen, arbeiten, spielen und Freunde treffen sind die Hauptgr\u00fcnde f\u00fcr einen Bibliotheksbesuch. Helle Farben, bequeme Sitzm\u00f6bel, Licht, Dekoration und Pflanzen wurden gew\u00fcnscht.<\/p>\n\n\n\n<p>Im November 2024 hatten die Sch\u00fcler der beteiligten Klasse der Entdecker-Gemeinschaftsschule auf der Grundlage der Auswertung erste Ideen zur Neugestaltung erarbeitet. Dazu nutzten die Jugendlichen in der Bibliothek unter Anleitung das kostenlose Webprogramm Sketch-Up 3D-Modellierungssoftware (Free 3D Modeling Software, 3D Design Online, Sketch-Up-Free-Subscription, SketchUp). Bei einem gemeinsamen Arbeitstreffen der Akteure im Februar 2025 erfolgte dann die Planung konkreter Schritte zur Umsetzung.<\/p>\n\n\n\n<p>Der Beginn der farblichen und r\u00e4umlichen Umgestaltung war am 28. April 2025. Der Wunsch nach Pflanzen f\u00fcr den Raum wurde auf kreative Weise erf\u00fcllt durch ein Spraybild von Benjamin Rau. Der graffitibegeisterte Kinderg\u00e4rtner verwandelte eine triste Eckwand in eine Baumlandschaft; so sitzt man gef\u00fchlt unter rauschenden Bl\u00e4ttern.<\/p>\n\n\n\n<p>Zur offiziellen Einweihung treffen sich alle: Bibliotheksmitarbeiter, die beteiligten Sch\u00fcler, junge Leser und Benjamin Rau. Man darf gespannt sein, wie der neu gestaltete Bereich angenommen wird.<\/p>\n\n\n\n<p>QUELLE: STADTVERWALTUNG<\/p>\n","protected":false},"excerpt":{"rendered":"<div class=\"mh-excerpt\"><p>Frische Farbe, neues Raumkonzept, Sitzs\u00e4cke, ein integrierter Arbeitsbereich \u2013 so pr\u00e4sentiert sich der neugestaltete Jugendbereich in der Geraer Bibliothek. Am Freitag, den 23. Mai 2025, um 12.30 Uhr wird er offiziell eingeweiht. Vor knapp einem <a class=\"mh-excerpt-more\" href=\"https:\/\/www.studiogera.de\/001\/2025\/05\/23\/neugestalteter-jugendbereich-in-der-bibliothek\/\" title=\"NEUGESTALTETER JUGENDBEREICH IN DER BIBLIOTHEK\">[&#8230;]<\/a><\/p>\n<\/div>","protected":false},"author":2,"featured_media":29179,"comment_status":"open","ping_status":"open","sticky":false,"template":"","format":"standard","meta":{"footnotes":""},"categories":[8],"tags":[],"class_list":{"0":"post-37441","1":"post","2":"type-post","3":"status-publish","4":"format-standard","5":"has-post-thumbnail","7":"category-kultur"},"_links":{"self":[{"href":"https:\/\/www.studiogera.de\/001\/wp-json\/wp\/v2\/posts\/37441","targetHints":{"allow":["GET"]}}],"collection":[{"href":"https:\/\/www.studiogera.de\/001\/wp-json\/wp\/v2\/posts"}],"about":[{"href":"https:\/\/www.studiogera.de\/001\/wp-json\/wp\/v2\/types\/post"}],"author":[{"embeddable":true,"href":"https:\/\/www.studiogera.de\/001\/wp-json\/wp\/v2\/users\/2"}],"replies":[{"embeddable":true,"href":"https:\/\/www.studiogera.de\/001\/wp-json\/wp\/v2\/comments?post=37441"}],"version-history":[{"count":1,"href":"https:\/\/www.studiogera.de\/001\/wp-json\/wp\/v2\/posts\/37441\/revisions"}],"predecessor-version":[{"id":37442,"href":"https:\/\/www.studiogera.de\/001\/wp-json\/wp\/v2\/posts\/37441\/revisions\/37442"}],"wp:featuredmedia":[{"embeddable":true,"href":"https:\/\/www.studiogera.de\/001\/wp-json\/wp\/v2\/media\/29179"}],"wp:attachment":[{"href":"https:\/\/www.studiogera.de\/001\/wp-json\/wp\/v2\/media?parent=37441"}],"wp:term":[{"taxonomy":"category","embeddable":true,"href":"https:\/\/www.studiogera.de\/001\/wp-json\/wp\/v2\/categories?post=37441"},{"taxonomy":"post_tag","embeddable":true,"href":"https:\/\/www.studiogera.de\/001\/wp-json\/wp\/v2\/tags?post=37441"}],"curies":[{"name":"wp","href":"https:\/\/api.w.org\/{rel}","templated":true}]}}