{"id":37737,"date":"2025-06-10T15:21:00","date_gmt":"2025-06-10T13:21:00","guid":{"rendered":"https:\/\/www.studiogera.de\/001\/?p=37737"},"modified":"2025-06-10T15:25:06","modified_gmt":"2025-06-10T13:25:06","slug":"comic-welten-von-olivia-vieweg","status":"publish","type":"post","link":"https:\/\/www.studiogera.de\/001\/2025\/06\/10\/comic-welten-von-olivia-vieweg\/","title":{"rendered":"COMIC-WELTEN VON OLIVIA VIEWEG"},"content":{"rendered":"\n<p>Das Stadtmuseum zeigt vom 14. Juni bis zum 21. September 2025 die Sonderausstellung \u201eHeimat, aber anders. Comic-Welten von Olivia Vieweg\u201c. Die Schau widmet sich dem facettenreichen Werk der bekannten Comiczeichnerin, Illustratorin und Autorin Olivia Vieweg.<\/p>\n\n\n\n<p>Olivia Vieweg wurde 1987 in Jena geboren. Sie studierte Visuelle Kommunikation an der Bauhaus-Universit\u00e4t Weimar und wohnt heute in der Klassikerstadt. Mit ihrer Graphic Novel \u201eEndzeit\u201c, ihrer Diplomarbeit, die 2018 erfolgreich verfilmt wurde, gelang ihr der Durchbruch. Auch wenn die K\u00fcnstlerin mittlerweile mit ihren bildstarken Erz\u00e4hlungen weit \u00fcber Th\u00fcringen hinaus Bekanntheit erlangt hat, ist Heimat ein zentrales Element ihres Schaffens und Lebens. \u201eIch habe mich bewusst daf\u00fcr entschieden, nicht nach Berlin oder in eine andere Metropole zu ziehen, und auch meine Werke, wie &#8218;Endzeit&#8216; und &#8218;Huck Finn&#8216;, spielen ja in der Mitte von Th\u00fcringen und in Halle an der Saale\u201c, so Vieweg. Auch in \u201eAntoinette kehrt zur\u00fcck\u201c ist Heimat ein zentrales Thema. Es handelt von einer jungen Frau, die aus Los Angeles zur\u00fcck an ihre Urspr\u00fcnge kommt und nach Rache sinnt.<\/p>\n\n\n\n<p>\u201eIm ersten Vorgespr\u00e4ch zur Ausstellung ging es neben den Umsetzungsm\u00f6glichkeiten auch um den Titel\u201c, f\u00fchrt Konrad Kessler, Leiter des Stadtmuseums Gera, weiter aus. \u201eDabei hat sich das Leitmotiv &#8218;Heimat&#8216; relativ schnell herauskristallisiert \u2026 aber eben anders, verpackt in Klassiker oder dystopische Erz\u00e4hlungen\u201c, erkl\u00e4rt Kessler. F\u00fcr das Umfeld des im letzten Jahr im Carlsen Verlag erschienene Buchs \u201eFangirlFantasy\u201c fand sie Inspiration in den heruntergekommenen Industrier\u00e4umen des Th\u00fcringer Waldes. Vier Freundinnen halten einen von ihnen verehrten Schauspieler gefangen, der Szenen auff\u00fchren soll, die sie selbst geschrieben haben.<\/p>\n\n\n\n<p>Viewegs Comics verbinden auf eindrucksvolle Weise pers\u00f6nliche Erfahrungen mit gesellschaftlichen Themen. Ihre Geschichten handeln von Identit\u00e4t, Heimat, Jugendkultur und weiblicher Selbsterm\u00e4chtigung \u2013 oft mit einer Prise Ironie, immer aber mit einem klaren Gesp\u00fcr f\u00fcr Atmosph\u00e4re und Emotionalit\u00e4t. Ihre charakteristischen Figuren bewegen sich durch alternative Realit\u00e4ten, dystopische Szenarien oder ganz allt\u00e4gliche ostdeutsche Lebenswelten.&nbsp;<\/p>\n\n\n\n<p>Das Stadtmuseum Gera kn\u00fcpft mit der Ausstellung an die erste Werkschau Viewegs vor 15 Jahren an. Damals \u2013 ganz am Anfang ihrer Kariere \u2013 stellte sie hier gemeinsam mit Katja Klengel unter dem Titel \u201eSonne, Mond &amp; Kulleraugen\u201c aus. Gezeigt werden diesmal unter anderem Originalzeichnungen, Skizzen, Storyboards und Drucke aus verschiedenen Schaffensrichtungen der K\u00fcnstlerin. Sie belegen eindrucksvoll die Vielseitigkeit zwischen Graphic Novel, Jugendbuch und Film. Ihre Werke wurden mehrfach ausgezeichnet und in mehrere Sprachen \u00fcbersetzt.<\/p>\n\n\n\n<p>Die Ausstellung wird von einem Rahmenprogramm mit Kursen begleitet. Kinder und auch Erwachsene k\u00f6nnen besondere Eindr\u00fccke mit einem Audio-Guide gewinnen, der gemeinsam mit einer siebten Klasse des Zabel-Gymnasiums entwickelt wurde.<\/p>\n\n\n\n<p>QUELLE: STADTVERWALTUNG<\/p>\n","protected":false},"excerpt":{"rendered":"<div class=\"mh-excerpt\"><p>Das Stadtmuseum zeigt vom 14. Juni bis zum 21. September 2025 die Sonderausstellung \u201eHeimat, aber anders. Comic-Welten von Olivia Vieweg\u201c. Die Schau widmet sich dem facettenreichen Werk der bekannten Comiczeichnerin, Illustratorin und Autorin Olivia Vieweg. <a class=\"mh-excerpt-more\" href=\"https:\/\/www.studiogera.de\/001\/2025\/06\/10\/comic-welten-von-olivia-vieweg\/\" title=\"COMIC-WELTEN VON OLIVIA VIEWEG\">[&#8230;]<\/a><\/p>\n<\/div>","protected":false},"author":2,"featured_media":31358,"comment_status":"open","ping_status":"open","sticky":false,"template":"","format":"standard","meta":{"footnotes":""},"categories":[8],"tags":[],"class_list":{"0":"post-37737","1":"post","2":"type-post","3":"status-publish","4":"format-standard","5":"has-post-thumbnail","7":"category-kultur"},"_links":{"self":[{"href":"https:\/\/www.studiogera.de\/001\/wp-json\/wp\/v2\/posts\/37737","targetHints":{"allow":["GET"]}}],"collection":[{"href":"https:\/\/www.studiogera.de\/001\/wp-json\/wp\/v2\/posts"}],"about":[{"href":"https:\/\/www.studiogera.de\/001\/wp-json\/wp\/v2\/types\/post"}],"author":[{"embeddable":true,"href":"https:\/\/www.studiogera.de\/001\/wp-json\/wp\/v2\/users\/2"}],"replies":[{"embeddable":true,"href":"https:\/\/www.studiogera.de\/001\/wp-json\/wp\/v2\/comments?post=37737"}],"version-history":[{"count":2,"href":"https:\/\/www.studiogera.de\/001\/wp-json\/wp\/v2\/posts\/37737\/revisions"}],"predecessor-version":[{"id":37739,"href":"https:\/\/www.studiogera.de\/001\/wp-json\/wp\/v2\/posts\/37737\/revisions\/37739"}],"wp:featuredmedia":[{"embeddable":true,"href":"https:\/\/www.studiogera.de\/001\/wp-json\/wp\/v2\/media\/31358"}],"wp:attachment":[{"href":"https:\/\/www.studiogera.de\/001\/wp-json\/wp\/v2\/media?parent=37737"}],"wp:term":[{"taxonomy":"category","embeddable":true,"href":"https:\/\/www.studiogera.de\/001\/wp-json\/wp\/v2\/categories?post=37737"},{"taxonomy":"post_tag","embeddable":true,"href":"https:\/\/www.studiogera.de\/001\/wp-json\/wp\/v2\/tags?post=37737"}],"curies":[{"name":"wp","href":"https:\/\/api.w.org\/{rel}","templated":true}]}}