{"id":37743,"date":"2025-06-10T21:54:14","date_gmt":"2025-06-10T19:54:14","guid":{"rendered":"https:\/\/www.studiogera.de\/001\/?p=37743"},"modified":"2025-06-10T21:54:14","modified_gmt":"2025-06-10T19:54:14","slug":"geras-selbsthilfegruppen-stellen-sich-vor","status":"publish","type":"post","link":"https:\/\/www.studiogera.de\/001\/2025\/06\/10\/geras-selbsthilfegruppen-stellen-sich-vor\/","title":{"rendered":"GERAS SELBSTHILFEGRUPPEN STELLEN SICH VOR"},"content":{"rendered":"\n<p>Am 11. Juni 2025 findet in der Zeit von 14 Uhr bis 17 Uhr im Foyer I des Kultur- und Kongresszentrums der Selbsthilfetag statt. Dieser wird von der Kontaktstelle f\u00fcr Selbsthilfegruppen des Amtes f\u00fcr Gesundheit und Versorgung und den Selbsthilfegruppen organisiert.<\/p>\n\n\n\n<p>Vertreter der Selbsthilfegruppe stellen ihre Angebote vor und kommen mit den Beteiligten ins Gespr\u00e4ch.<\/p>\n\n\n\n<p>Selbsthilfe \u2013 sich selbst helfen: Wer dies nicht alleine kann, sucht sich Unterst\u00fctzung oder nutzt die M\u00f6glichkeit der Unterst\u00fctzung, sich mit Gleichgesinnten zu treffen, auszutauschen und aufgefangen zu werden in einer &nbsp;Selbsthilfegruppe.<\/p>\n\n\n\n<p>Derzeit sind 77 Selbsthilfegruppen in Gera aktiv. Sie sind ein unverzichtbarer Bestandteil im Gesundheits- und Sozialsystem und unterst\u00fctzen mit ihrer Arbeit den Umgang eines jeden Gleichgesinnten mit seiner Krankheit, Behinderung oder Betroffenheit.<\/p>\n\n\n\n<p>Die Beweggr\u00fcnde sind vielf\u00e4ltig und reichen vom Gef\u00fchl des Alleinseins und der Hilflosigkeit bis hin zu dem Bed\u00fcrfnis, verstanden zu werden. Die Suche nach Menschen mit dem gleichen Schicksal, gibt einzelnen Menschen Kraft, um sich aufzumachen und sich gegenseitig Halt zu geben.<\/p>\n\n\n\n<p>Alle Interessierten sind zum Selbsthilfetag eingeladen, sich ein Bild \u00fcber die vielf\u00e4ltige Arbeit in den Gruppen zu machen.<\/p>\n\n\n\n<p>QUELLE: STADTVERWALTUNG<\/p>\n","protected":false},"excerpt":{"rendered":"<div class=\"mh-excerpt\"><p>Am 11. Juni 2025 findet in der Zeit von 14 Uhr bis 17 Uhr im Foyer I des Kultur- und Kongresszentrums der Selbsthilfetag statt. Dieser wird von der Kontaktstelle f\u00fcr Selbsthilfegruppen des Amtes f\u00fcr Gesundheit <a class=\"mh-excerpt-more\" href=\"https:\/\/www.studiogera.de\/001\/2025\/06\/10\/geras-selbsthilfegruppen-stellen-sich-vor\/\" title=\"GERAS SELBSTHILFEGRUPPEN STELLEN SICH VOR\">[&#8230;]<\/a><\/p>\n<\/div>","protected":false},"author":2,"featured_media":37744,"comment_status":"open","ping_status":"open","sticky":false,"template":"","format":"standard","meta":{"footnotes":""},"categories":[3],"tags":[],"class_list":{"0":"post-37743","1":"post","2":"type-post","3":"status-publish","4":"format-standard","5":"has-post-thumbnail","7":"category-lokal"},"_links":{"self":[{"href":"https:\/\/www.studiogera.de\/001\/wp-json\/wp\/v2\/posts\/37743","targetHints":{"allow":["GET"]}}],"collection":[{"href":"https:\/\/www.studiogera.de\/001\/wp-json\/wp\/v2\/posts"}],"about":[{"href":"https:\/\/www.studiogera.de\/001\/wp-json\/wp\/v2\/types\/post"}],"author":[{"embeddable":true,"href":"https:\/\/www.studiogera.de\/001\/wp-json\/wp\/v2\/users\/2"}],"replies":[{"embeddable":true,"href":"https:\/\/www.studiogera.de\/001\/wp-json\/wp\/v2\/comments?post=37743"}],"version-history":[{"count":1,"href":"https:\/\/www.studiogera.de\/001\/wp-json\/wp\/v2\/posts\/37743\/revisions"}],"predecessor-version":[{"id":37745,"href":"https:\/\/www.studiogera.de\/001\/wp-json\/wp\/v2\/posts\/37743\/revisions\/37745"}],"wp:featuredmedia":[{"embeddable":true,"href":"https:\/\/www.studiogera.de\/001\/wp-json\/wp\/v2\/media\/37744"}],"wp:attachment":[{"href":"https:\/\/www.studiogera.de\/001\/wp-json\/wp\/v2\/media?parent=37743"}],"wp:term":[{"taxonomy":"category","embeddable":true,"href":"https:\/\/www.studiogera.de\/001\/wp-json\/wp\/v2\/categories?post=37743"},{"taxonomy":"post_tag","embeddable":true,"href":"https:\/\/www.studiogera.de\/001\/wp-json\/wp\/v2\/tags?post=37743"}],"curies":[{"name":"wp","href":"https:\/\/api.w.org\/{rel}","templated":true}]}}