{"id":37746,"date":"2025-06-10T22:19:47","date_gmt":"2025-06-10T20:19:47","guid":{"rendered":"https:\/\/www.studiogera.de\/001\/?p=37746"},"modified":"2025-06-10T22:19:47","modified_gmt":"2025-06-10T20:19:47","slug":"bau-eines-radweges-an-der-dornaer-strasse","status":"publish","type":"post","link":"https:\/\/www.studiogera.de\/001\/2025\/06\/10\/bau-eines-radweges-an-der-dornaer-strasse\/","title":{"rendered":"BAU EINES RADWEGES AN DER DORNAER STRASSE"},"content":{"rendered":"\n<p>Die Stadt Gera beginnt mit dem Bau des Radweges von der Sch\u00e4fereistra\u00dfe parallel zur Dornaer Stra\u00dfe bis Stra\u00dfe \u201eAm Speitewitz Nr. 216\u201c. Der Radweg wird mit einer Breite von 2,5 Metern in Asphalt hergestellt. Des Weiteren werden beidseitig Banketten mit jeweils 50 Zentimetern Breite gebaut. Die Gesamtl\u00e4nge des Radweges betr\u00e4gt 1540 Meter und kostet rund 1,16 Millionen Euro. Dar\u00fcber hinaus werden noch drei Wegeanbindungen in das Wohngebiet \u201eAm Trebnitzer Kreuz\u201c mit hergestellt.<\/p>\n\n\n\n<p>Die F\u00f6rdermittel von Bund und Land erh\u00e4lt die Stadt Gera vom Th\u00fcringer Landesamt f\u00fcr Bau und Verkehr. Der F\u00f6rdersatz betr\u00e4gt f\u00fcr diese Ma\u00dfnahme 90 % der f\u00f6rderf\u00e4higen Kosten. Die Bauausf\u00fchrung nebst der Bepflanzung wird vorraussichtlich bis Ende des Jahres 2025 andauern. Die Baufirma Naumburger Bauunion GmbH &amp; Co. KG aus Mertendorf wurde mit dem Bau des Radweges und der Begr\u00fcnung als Ersatz f\u00fcr die Versiegelung beauftragt.<\/p>\n\n\n\n<p>QUELLE: STADTVERWALTUNG<\/p>\n","protected":false},"excerpt":{"rendered":"<div class=\"mh-excerpt\"><p>Die Stadt Gera beginnt mit dem Bau des Radweges von der Sch\u00e4fereistra\u00dfe parallel zur Dornaer Stra\u00dfe bis Stra\u00dfe \u201eAm Speitewitz Nr. 216\u201c. Der Radweg wird mit einer Breite von 2,5 Metern in Asphalt hergestellt. Des <a class=\"mh-excerpt-more\" href=\"https:\/\/www.studiogera.de\/001\/2025\/06\/10\/bau-eines-radweges-an-der-dornaer-strasse\/\" title=\"BAU EINES RADWEGES AN DER DORNAER STRASSE\">[&#8230;]<\/a><\/p>\n<\/div>","protected":false},"author":2,"featured_media":37747,"comment_status":"open","ping_status":"open","sticky":false,"template":"","format":"standard","meta":{"footnotes":""},"categories":[3],"tags":[],"class_list":{"0":"post-37746","1":"post","2":"type-post","3":"status-publish","4":"format-standard","5":"has-post-thumbnail","7":"category-lokal"},"_links":{"self":[{"href":"https:\/\/www.studiogera.de\/001\/wp-json\/wp\/v2\/posts\/37746","targetHints":{"allow":["GET"]}}],"collection":[{"href":"https:\/\/www.studiogera.de\/001\/wp-json\/wp\/v2\/posts"}],"about":[{"href":"https:\/\/www.studiogera.de\/001\/wp-json\/wp\/v2\/types\/post"}],"author":[{"embeddable":true,"href":"https:\/\/www.studiogera.de\/001\/wp-json\/wp\/v2\/users\/2"}],"replies":[{"embeddable":true,"href":"https:\/\/www.studiogera.de\/001\/wp-json\/wp\/v2\/comments?post=37746"}],"version-history":[{"count":1,"href":"https:\/\/www.studiogera.de\/001\/wp-json\/wp\/v2\/posts\/37746\/revisions"}],"predecessor-version":[{"id":37748,"href":"https:\/\/www.studiogera.de\/001\/wp-json\/wp\/v2\/posts\/37746\/revisions\/37748"}],"wp:featuredmedia":[{"embeddable":true,"href":"https:\/\/www.studiogera.de\/001\/wp-json\/wp\/v2\/media\/37747"}],"wp:attachment":[{"href":"https:\/\/www.studiogera.de\/001\/wp-json\/wp\/v2\/media?parent=37746"}],"wp:term":[{"taxonomy":"category","embeddable":true,"href":"https:\/\/www.studiogera.de\/001\/wp-json\/wp\/v2\/categories?post=37746"},{"taxonomy":"post_tag","embeddable":true,"href":"https:\/\/www.studiogera.de\/001\/wp-json\/wp\/v2\/tags?post=37746"}],"curies":[{"name":"wp","href":"https:\/\/api.w.org\/{rel}","templated":true}]}}