{"id":37749,"date":"2025-06-10T22:18:58","date_gmt":"2025-06-10T20:18:58","guid":{"rendered":"https:\/\/www.studiogera.de\/001\/?p=37749"},"modified":"2025-06-10T22:18:59","modified_gmt":"2025-06-10T20:18:59","slug":"verkehrsversuch-in-der-langen-strasse","status":"publish","type":"post","link":"https:\/\/www.studiogera.de\/001\/2025\/06\/10\/verkehrsversuch-in-der-langen-strasse\/","title":{"rendered":"VERKEHRSVERSUCH IN DER LANGEN STRASSE"},"content":{"rendered":"\n<p>Von Seiten des Ortsteilrates wurden die Verkehrsverh\u00e4ltnisse in der Langen Stra\u00dfe zwischen Lasurstra\u00dfe und Pfarrstra\u00dfe kritisiert. Durch den beidseits angeordneten ruhenden Verkehr kommt es regelm\u00e4\u00dfig zu Problemen beim Begegnungsverkehr. In einer Ortsteilratssitzung am 5. Mai 2025, an der auch die Verkehrsbeh\u00f6rde teilnahm, wurde diskutiert, ob und wie man durch die Ausweisung einer Einbahnstra\u00dfe diese Situation verbessern kann.<\/p>\n\n\n\n<p>Im Ergebnis wird es vom 30. Juni bis 30 September 2025 einen Verkehrsversuch geben. Dabei wird die Lange Stra\u00dfe vom Abzweig Lasurstra\u00dfe bis zur Pestalozzistra\u00dfe in Richtung Pfarrstra\u00dfe als Einbahnstra\u00dfe ausgewiesen. In Abstimmung mit dem Ortsteilrat soll dann entschieden werden, ob diese Verkehrsorganisation dauerhaft eingerichtet wird.<\/p>\n\n\n\n<p>QUELLE: STADTVERWALTUNG<\/p>\n","protected":false},"excerpt":{"rendered":"<div class=\"mh-excerpt\"><p>Von Seiten des Ortsteilrates wurden die Verkehrsverh\u00e4ltnisse in der Langen Stra\u00dfe zwischen Lasurstra\u00dfe und Pfarrstra\u00dfe kritisiert. Durch den beidseits angeordneten ruhenden Verkehr kommt es regelm\u00e4\u00dfig zu Problemen beim Begegnungsverkehr. In einer Ortsteilratssitzung am 5. Mai <a class=\"mh-excerpt-more\" href=\"https:\/\/www.studiogera.de\/001\/2025\/06\/10\/verkehrsversuch-in-der-langen-strasse\/\" title=\"VERKEHRSVERSUCH IN DER LANGEN STRASSE\">[&#8230;]<\/a><\/p>\n<\/div>","protected":false},"author":2,"featured_media":37750,"comment_status":"open","ping_status":"open","sticky":false,"template":"","format":"standard","meta":{"footnotes":""},"categories":[3],"tags":[],"class_list":{"0":"post-37749","1":"post","2":"type-post","3":"status-publish","4":"format-standard","5":"has-post-thumbnail","7":"category-lokal"},"_links":{"self":[{"href":"https:\/\/www.studiogera.de\/001\/wp-json\/wp\/v2\/posts\/37749","targetHints":{"allow":["GET"]}}],"collection":[{"href":"https:\/\/www.studiogera.de\/001\/wp-json\/wp\/v2\/posts"}],"about":[{"href":"https:\/\/www.studiogera.de\/001\/wp-json\/wp\/v2\/types\/post"}],"author":[{"embeddable":true,"href":"https:\/\/www.studiogera.de\/001\/wp-json\/wp\/v2\/users\/2"}],"replies":[{"embeddable":true,"href":"https:\/\/www.studiogera.de\/001\/wp-json\/wp\/v2\/comments?post=37749"}],"version-history":[{"count":1,"href":"https:\/\/www.studiogera.de\/001\/wp-json\/wp\/v2\/posts\/37749\/revisions"}],"predecessor-version":[{"id":37751,"href":"https:\/\/www.studiogera.de\/001\/wp-json\/wp\/v2\/posts\/37749\/revisions\/37751"}],"wp:featuredmedia":[{"embeddable":true,"href":"https:\/\/www.studiogera.de\/001\/wp-json\/wp\/v2\/media\/37750"}],"wp:attachment":[{"href":"https:\/\/www.studiogera.de\/001\/wp-json\/wp\/v2\/media?parent=37749"}],"wp:term":[{"taxonomy":"category","embeddable":true,"href":"https:\/\/www.studiogera.de\/001\/wp-json\/wp\/v2\/categories?post=37749"},{"taxonomy":"post_tag","embeddable":true,"href":"https:\/\/www.studiogera.de\/001\/wp-json\/wp\/v2\/tags?post=37749"}],"curies":[{"name":"wp","href":"https:\/\/api.w.org\/{rel}","templated":true}]}}