{"id":37992,"date":"2025-06-27T18:33:53","date_gmt":"2025-06-27T16:33:53","guid":{"rendered":"https:\/\/www.studiogera.de\/001\/?p=37992"},"modified":"2025-06-27T18:33:53","modified_gmt":"2025-06-27T16:33:53","slug":"otto-dix-ausstellung-erreicht-besucherrekord","status":"publish","type":"post","link":"https:\/\/www.studiogera.de\/001\/2025\/06\/27\/otto-dix-ausstellung-erreicht-besucherrekord\/","title":{"rendered":"OTTO-DIX-AUSSTELLUNG ERREICHT BESUCHERREKORD"},"content":{"rendered":"\n<p>Die gegenw\u00e4rtige Ausstellung \u201eOtto Dix \u2013 Trau deinen Augen\u201c in der Orangerie hat in dieser Woche die beeindruckende Marke von 10&#8217;000 G\u00e4sten erreicht. Dieser au\u00dfergew\u00f6hnliche Erfolg unterstreicht das gro\u00dfe Interesse an dem Werk des bedeutenden Geraer K\u00fcnstlers und die Wertsch\u00e4tzung f\u00fcr seine gesellschaftskritischen und ausdrucksstarken Gem\u00e4lde.<\/p>\n\n\n\n<p>Seit der Er\u00f6ffnung am 3. Oktober 2024 zieht die Ausstellung Kunstliebhaber aus dem gesamten Bundesgebiet sowie internationale Besucherinnen und Besucher an, die das Werk Otto Dix\u2019 in all seinen Facetten entdecken und sch\u00e4tzen.<\/p>\n\n\n\n<p>Kulturamtsleiter Felix Eckerle zeigt sich begeistert \u00fcber die positive Resonanz:<\/p>\n\n\n\n<blockquote class=\"wp-block-quote is-layout-flow wp-block-quote-is-layout-flow\">\n<p>\u201eEs erf\u00fcllt mich mit gro\u00dfer Freude und Stolz, dass die Neukonzeption so gut ankommt. Dieser Publikumserfolg ist ein klarer Beweis f\u00fcr das anhaltende Interesse an Dix&#8216; k\u00fcnstlerischem Schaffen und die gesellschaftliche Relevanz seiner Themen, insbesondere an dessen Fr\u00fch- und Sp\u00e4twerk.\u201c<\/p>\n<\/blockquote>\n\n\n\n<p>Otto Dix, geboren 1891 in Untermhaus bei Gera, gilt als Meister der Neuen Sachlichkeit.\u00a0Die Ausstellung nimmt mit ihrer gelungenen Kombination aus Gem\u00e4lden, Zeichnungen, Druckgrafiken und historischen Dokumenten die Besucher mit auf eine Reise durch Dix\u2019 Leben und Werk. Auch Medianstationen machen dieses \u0152uvre in besonderer Weise f\u00fcr Jung und Alt erlebbar. Die Kunstsammlung Gera kann dank der eigenen Otto-Dix-Sammlung, zahlreichen Dauerleihgaben der Otto Dix Stiftung Vaduz und der Sammlung Niescher einen gro\u00dfen Bogen von den ersten Landschaftsgem\u00e4lden des 15-j\u00e4hrigen Dekorationsmalerlehrlings \u00fcber gezeichnete Feldpostkarten aus dem Ersten Weltkrieg bis hin zu den zeitkritischen Allegorien nach 1933 und des expressiven Sp\u00e4twerks nach 1945 spannen.<\/p>\n\n\n\n<p>Im Rahmen der Ausstellung finden regelm\u00e4\u00dfige Veranstaltungen und Sonderf\u00fchrungen statt, um den Dialog \u00fcber das Werk und die Bedeutung des K\u00fcnstlers zu vertiefen.<\/p>\n\n\n\n<p>QUELLE: STADTVERWALTUNG<\/p>\n","protected":false},"excerpt":{"rendered":"<div class=\"mh-excerpt\"><p>Die gegenw\u00e4rtige Ausstellung \u201eOtto Dix \u2013 Trau deinen Augen\u201c in der Orangerie hat in dieser Woche die beeindruckende Marke von 10&#8217;000 G\u00e4sten erreicht. Dieser au\u00dfergew\u00f6hnliche Erfolg unterstreicht das gro\u00dfe Interesse an dem Werk des bedeutenden <a class=\"mh-excerpt-more\" href=\"https:\/\/www.studiogera.de\/001\/2025\/06\/27\/otto-dix-ausstellung-erreicht-besucherrekord\/\" title=\"OTTO-DIX-AUSSTELLUNG ERREICHT BESUCHERREKORD\">[&#8230;]<\/a><\/p>\n<\/div>","protected":false},"author":2,"featured_media":37830,"comment_status":"open","ping_status":"open","sticky":false,"template":"","format":"standard","meta":{"footnotes":""},"categories":[8],"tags":[],"class_list":{"0":"post-37992","1":"post","2":"type-post","3":"status-publish","4":"format-standard","5":"has-post-thumbnail","7":"category-kultur"},"_links":{"self":[{"href":"https:\/\/www.studiogera.de\/001\/wp-json\/wp\/v2\/posts\/37992","targetHints":{"allow":["GET"]}}],"collection":[{"href":"https:\/\/www.studiogera.de\/001\/wp-json\/wp\/v2\/posts"}],"about":[{"href":"https:\/\/www.studiogera.de\/001\/wp-json\/wp\/v2\/types\/post"}],"author":[{"embeddable":true,"href":"https:\/\/www.studiogera.de\/001\/wp-json\/wp\/v2\/users\/2"}],"replies":[{"embeddable":true,"href":"https:\/\/www.studiogera.de\/001\/wp-json\/wp\/v2\/comments?post=37992"}],"version-history":[{"count":1,"href":"https:\/\/www.studiogera.de\/001\/wp-json\/wp\/v2\/posts\/37992\/revisions"}],"predecessor-version":[{"id":37993,"href":"https:\/\/www.studiogera.de\/001\/wp-json\/wp\/v2\/posts\/37992\/revisions\/37993"}],"wp:featuredmedia":[{"embeddable":true,"href":"https:\/\/www.studiogera.de\/001\/wp-json\/wp\/v2\/media\/37830"}],"wp:attachment":[{"href":"https:\/\/www.studiogera.de\/001\/wp-json\/wp\/v2\/media?parent=37992"}],"wp:term":[{"taxonomy":"category","embeddable":true,"href":"https:\/\/www.studiogera.de\/001\/wp-json\/wp\/v2\/categories?post=37992"},{"taxonomy":"post_tag","embeddable":true,"href":"https:\/\/www.studiogera.de\/001\/wp-json\/wp\/v2\/tags?post=37992"}],"curies":[{"name":"wp","href":"https:\/\/api.w.org\/{rel}","templated":true}]}}