{"id":37995,"date":"2025-06-27T18:46:19","date_gmt":"2025-06-27T16:46:19","guid":{"rendered":"https:\/\/www.studiogera.de\/001\/?p=37995"},"modified":"2025-06-27T18:46:19","modified_gmt":"2025-06-27T16:46:19","slug":"das-theater-vom-27-bis-29-juni-2025","status":"publish","type":"post","link":"https:\/\/www.studiogera.de\/001\/2025\/06\/27\/das-theater-vom-27-bis-29-juni-2025\/","title":{"rendered":"DAS THEATER VOM 27. BIS 29. JUNI 2025"},"content":{"rendered":"\n<p>Eine ereignisreiche Saison voller gro\u00dfer Gef\u00fchle und bewegender Geschichten neigt sich am Theater Altenburg Gera dem Ende zu. Am 30. Juni geht das F\u00fcnf-Sparten-Haus in die Spielzeitpause.<\/p>\n\n\n\n<p>Bis dahin aber hei\u00dft es: Jetzt noch einmal Theaterluft schnuppern. Kulturfreunde k\u00f6nnen die Gelegenheit nutzen, sich in den letzten Vorstellungen und Konzerten dieser Spielzeit verzaubern zu lassen \u2013 bevor der Vorhang f\u00fcr den Sommer f\u00e4llt.<\/p>\n\n\n\n<p><strong>Operette voller Witz<br><\/strong>Ein sch\u00fcchterner Musikwissenschaftler, eine abenteuerlustige Prinzessin und ein verr\u00fccktes Spiel der Identit\u00e4ten: Ralph Benatzkys musikalisches Lustspiel \u201eMeine Schwester und ich\u201c ist am Freitag, den 27. Juni 2025, um 19.30 Uhr, und zum letzten Mal in dieser Spielzeit am Sonntag, den 29. Juni, um 14.30 Uhr im Gro\u00dfen Haus Gera auf der B\u00fchne zu erleben. Prinzessin Dolly Saint-Labiche wirft sich in ein turbulentes Verwechslungsspiel, um das Herz des ahnungslosen Dr. Roger Fleuriot zu gewinnen. Doch wie lange kann das T\u00e4uschungsman\u00f6ver gut gehen? Benatzkys Operette aus dem Jahr 1930 \u00fcberzeugt mit temporeichen Dialogen und swingenden Melodien \u2013 von Slowfox bis Shimmy. Ein spritziges Spektakel voller Esprit, das in bester Revue-Manier unterh\u00e4lt.<\/p>\n\n\n\n<p><strong>Zum letzten Mal erwacht Mystery-Musical zum Leben<\/strong><br>Am 27., 28. und 29. Juni wird die Bockwindm\u00fchle Lumpzig zum letzten Mal zur B\u00fchne f\u00fcr das Mystery-Musical \u201eKrabat und der K\u00f6nig \u2013 Die Legende geht weiter\u201c. F\u00fcr alldiejenigen, die keine Karte mehr ergattern konnten gibt es gute Nachrichten: F\u00fcr die Vorstellung am Sonntag, den 29. Juni, um 21 Uhr bestehen derzeit noch gute Chancen, an Karten zu kommen:<br>Ab 18 Uhr kann man sich auf dem Gel\u00e4nde in der \u201eAlten Kaschemme\u201c mit Speis und Trank auf die Vorstellung einstimmen. Hinweis zur Anfahrt f\u00fcr G\u00e4ste aus Gera: Bitte nutzen Sie die ausgeschilderte Umleitung \u00fcber Ronneburg , Schm\u00f6lln, Untschen, Zagwitz\/Wildenb\u00f6rten nach Lumpzig.<\/p>\n\n\n\n<p><strong>Kammermusik mit Harfe<\/strong><br>Am Sonntag, den 29. Juni, l\u00e4dt das Theater Altenburg Gera um 11 Uhr zum letzten Kammerkonzert der laufenden Spielzeit in das Heizhaus Altenburg ein. Unter dem Titel \u201eSph\u00e4renkl\u00e4nge f\u00fcr Harfe und Ensemble\u201c erwartet das Publikum ein besonderes Kammerkonzert, bei dem die Harfe \u2013 oft als K\u00f6nigin der Instrumente bezeichnet \u2013 im Mittelpunkt steht.<br>Die Harfenistin Liane Pinquart gestaltet gemeinsam mit Mitgliedern des Philharmonischen Orchesters Altenburg Gera ein Programm, das franz\u00f6sische und belgische Kompositionen von Eug\u00e8ne Ysa\u00ffe, Marcel Tournier und Albert Roussel umfasst. Erg\u00e4nzt wird das Programm durch Musik von Astor Piazzolla, der einst selbst in Paris studierte und die klassische mit der Tango-Tradition zu verbinden wusste.<\/p>\n\n\n\n<p>Eintrittskarten sind an den Theaterkassen sowie \u00fcber die Webseite des Theaters erh\u00e4ltlich. Diese sind unter der Rufnummer 0365 8279105 bzw. 03447 585160 sowie \u00fcber \u201ehttps:\/\/theater-altenburg-gera.de\/\u201d erreichbar.<\/p>\n\n\n\n<p>QUELLE: THEATER ALTENBURG GERA GGMBH<\/p>\n","protected":false},"excerpt":{"rendered":"<div class=\"mh-excerpt\"><p>Eine ereignisreiche Saison voller gro\u00dfer Gef\u00fchle und bewegender Geschichten neigt sich am Theater Altenburg Gera dem Ende zu. Am 30. Juni geht das F\u00fcnf-Sparten-Haus in die Spielzeitpause. Bis dahin aber hei\u00dft es: Jetzt noch einmal <a class=\"mh-excerpt-more\" href=\"https:\/\/www.studiogera.de\/001\/2025\/06\/27\/das-theater-vom-27-bis-29-juni-2025\/\" title=\"DAS THEATER VOM 27. BIS 29. JUNI 2025\">[&#8230;]<\/a><\/p>\n<\/div>","protected":false},"author":2,"featured_media":37996,"comment_status":"open","ping_status":"open","sticky":false,"template":"","format":"standard","meta":{"footnotes":""},"categories":[15],"tags":[],"class_list":{"0":"post-37995","1":"post","2":"type-post","3":"status-publish","4":"format-standard","5":"has-post-thumbnail","7":"category-theater"},"_links":{"self":[{"href":"https:\/\/www.studiogera.de\/001\/wp-json\/wp\/v2\/posts\/37995","targetHints":{"allow":["GET"]}}],"collection":[{"href":"https:\/\/www.studiogera.de\/001\/wp-json\/wp\/v2\/posts"}],"about":[{"href":"https:\/\/www.studiogera.de\/001\/wp-json\/wp\/v2\/types\/post"}],"author":[{"embeddable":true,"href":"https:\/\/www.studiogera.de\/001\/wp-json\/wp\/v2\/users\/2"}],"replies":[{"embeddable":true,"href":"https:\/\/www.studiogera.de\/001\/wp-json\/wp\/v2\/comments?post=37995"}],"version-history":[{"count":1,"href":"https:\/\/www.studiogera.de\/001\/wp-json\/wp\/v2\/posts\/37995\/revisions"}],"predecessor-version":[{"id":37997,"href":"https:\/\/www.studiogera.de\/001\/wp-json\/wp\/v2\/posts\/37995\/revisions\/37997"}],"wp:featuredmedia":[{"embeddable":true,"href":"https:\/\/www.studiogera.de\/001\/wp-json\/wp\/v2\/media\/37996"}],"wp:attachment":[{"href":"https:\/\/www.studiogera.de\/001\/wp-json\/wp\/v2\/media?parent=37995"}],"wp:term":[{"taxonomy":"category","embeddable":true,"href":"https:\/\/www.studiogera.de\/001\/wp-json\/wp\/v2\/categories?post=37995"},{"taxonomy":"post_tag","embeddable":true,"href":"https:\/\/www.studiogera.de\/001\/wp-json\/wp\/v2\/tags?post=37995"}],"curies":[{"name":"wp","href":"https:\/\/api.w.org\/{rel}","templated":true}]}}