{"id":38001,"date":"2025-06-28T00:32:09","date_gmt":"2025-06-27T22:32:09","guid":{"rendered":"https:\/\/www.studiogera.de\/001\/?p=38001"},"modified":"2025-06-28T00:32:11","modified_gmt":"2025-06-27T22:32:11","slug":"reduktion-der-oerr-programme-geplant","status":"publish","type":"post","link":"https:\/\/www.studiogera.de\/001\/2025\/06\/28\/reduktion-der-oerr-programme-geplant\/","title":{"rendered":"REDUKTION DER \u00d6RR-PROGRAMME GEPLANT"},"content":{"rendered":"\n<p>Die Bundesl\u00e4nder planen eine umfassende Reform des \u00f6ffentlich-rechtlichen Rundfunks. Ziel ist es, Strukturen effizienter zu gestalten und Kosten zu senken, ohne die Grundversorgung zu gef\u00e4hrden. Mehrere Spartenkan\u00e4le im Fernsehen sowie zahlreiche Radioprogramme werden hinterfragt. Rund die H\u00e4lfte der TV-Spartenkan\u00e4le und etwa 20 Radioprogramme stehen zur Disposition. Die Rundfunkanstalten sollen selbst entscheiden, auf welche Programme sie verzichten k\u00f6nnen.<\/p>\n\n\n\n<p>Die Anpassung des Rundfunkbeitrags, die urspr\u00fcnglich zum 1. Januar 2025 erfolgen sollte, ist von der Reform getrennt zu betrachten. Die Entscheidung \u00fcber die Beitragsanpassung wurde vertagt und ist Voraussetzung f\u00fcr die weitere Befassung mit den Reformvorschl\u00e4gen. Die Finanzierungsfragen werden voraussichtlich bis sp\u00e4testens Dezember 2025 gekl\u00e4rt.<\/p>\n","protected":false},"excerpt":{"rendered":"<div class=\"mh-excerpt\"><p>Die Bundesl\u00e4nder planen eine umfassende Reform des \u00f6ffentlich-rechtlichen Rundfunks. Ziel ist es, Strukturen effizienter zu gestalten und Kosten zu senken, ohne die Grundversorgung zu gef\u00e4hrden. Mehrere Spartenkan\u00e4le im Fernsehen sowie zahlreiche Radioprogramme werden hinterfragt. Rund <a class=\"mh-excerpt-more\" href=\"https:\/\/www.studiogera.de\/001\/2025\/06\/28\/reduktion-der-oerr-programme-geplant\/\" title=\"REDUKTION DER \u00d6RR-PROGRAMME GEPLANT\">[&#8230;]<\/a><\/p>\n<\/div>","protected":false},"author":2,"featured_media":26303,"comment_status":"open","ping_status":"open","sticky":false,"template":"","format":"standard","meta":{"footnotes":""},"categories":[17],"tags":[],"class_list":{"0":"post-38001","1":"post","2":"type-post","3":"status-publish","4":"format-standard","5":"has-post-thumbnail","7":"category-medien"},"_links":{"self":[{"href":"https:\/\/www.studiogera.de\/001\/wp-json\/wp\/v2\/posts\/38001","targetHints":{"allow":["GET"]}}],"collection":[{"href":"https:\/\/www.studiogera.de\/001\/wp-json\/wp\/v2\/posts"}],"about":[{"href":"https:\/\/www.studiogera.de\/001\/wp-json\/wp\/v2\/types\/post"}],"author":[{"embeddable":true,"href":"https:\/\/www.studiogera.de\/001\/wp-json\/wp\/v2\/users\/2"}],"replies":[{"embeddable":true,"href":"https:\/\/www.studiogera.de\/001\/wp-json\/wp\/v2\/comments?post=38001"}],"version-history":[{"count":1,"href":"https:\/\/www.studiogera.de\/001\/wp-json\/wp\/v2\/posts\/38001\/revisions"}],"predecessor-version":[{"id":38002,"href":"https:\/\/www.studiogera.de\/001\/wp-json\/wp\/v2\/posts\/38001\/revisions\/38002"}],"wp:featuredmedia":[{"embeddable":true,"href":"https:\/\/www.studiogera.de\/001\/wp-json\/wp\/v2\/media\/26303"}],"wp:attachment":[{"href":"https:\/\/www.studiogera.de\/001\/wp-json\/wp\/v2\/media?parent=38001"}],"wp:term":[{"taxonomy":"category","embeddable":true,"href":"https:\/\/www.studiogera.de\/001\/wp-json\/wp\/v2\/categories?post=38001"},{"taxonomy":"post_tag","embeddable":true,"href":"https:\/\/www.studiogera.de\/001\/wp-json\/wp\/v2\/tags?post=38001"}],"curies":[{"name":"wp","href":"https:\/\/api.w.org\/{rel}","templated":true}]}}