{"id":38003,"date":"2025-06-28T00:48:39","date_gmt":"2025-06-27T22:48:39","guid":{"rendered":"https:\/\/www.studiogera.de\/001\/?p=38003"},"modified":"2025-06-28T00:48:41","modified_gmt":"2025-06-27T22:48:41","slug":"veranstaltungen-am-samstag-101","status":"publish","type":"post","link":"https:\/\/www.studiogera.de\/001\/2025\/06\/28\/veranstaltungen-am-samstag-101\/","title":{"rendered":"VERANSTALTUNGEN AM SAMSTAG"},"content":{"rendered":"\n<p>Der Geraer Umweltverein Gr\u00fcnes Haus Gera e. V. l\u00e4dt zu einer Radtour durch das Elstertal ein. Auf dem Elstertalradweg geht es s\u00fcdlich von Gera in Richtung Neum\u00fchle. Ziel ist die Schafshofk\u00e4serei, welche von Peer Salden an der Clodram\u00fchle betrieben wird. Dort besteht die M\u00f6glichkeit, im Rahmen einer kleinen &#8222;Hofk\u00e4seschule&#8220; mehr \u00fcber die K\u00e4seherstellung zu erfahren und selbst einen kleinen K\u00e4se herzustellen. Hierf\u00fcr sind 45 bis 60 Minuten veranschlagt. Es wird ein finanzieller Beitrag erhoben. Eine Mittagsrast ist im italienischen Restaurant \u201eClodram\u00fchle il Giardino \u2013 Luca Pazzola\u201c m\u00f6glich. Die Tour hat eine L\u00e4nge von gesamt etwa 40 Kilometern. Sie beginnt um 9.30 Uhr auf dem Zentralen Platz an den Hochbeeten. Die R\u00fcckkehr ist gegen 15.30 Uhr. Voranmeldungen unter der Rufnummer +493658005109 oder \u00fcber \u201epost@ghgera.de\u201c sind w\u00fcnschenswert. Die Teilnehmer m\u00fcssen verkehrssichere Fahrr\u00e4der und Ausr\u00fcstung mitbringen.<\/p>\n\n\n\n<p>Um 10.30 Uhr beginnt in der Stadtbibliothek die Vorlesestunde f\u00fcr Kinder ab einem Alter von vier Jahren, um 11 Uhr ein einst\u00fcndiger \u00f6ffentlicher Rundgang in der Altstadt, beginnend an der Gera-Information.<\/p>\n\n\n\n<p>Das Stadtmuseum pr\u00e4sentiert die Sonderausstellungen \u201eDas bedeutet Krieg. Stadt und Menschen in bewaffneten Konflikten\u201c und \u201eHeimat, aber anders. Comic-Welten von Olivia Vieweg\u201c. Im Museum f\u00fcr Naturkunde kann die Kabinettausstellung \u201eDer Tagebau Caaschwitz \u2013 Eine klassische Ostth\u00fcringer Mineralfundstelle\u201c besichtigt werden. Das Museum f\u00fcr angewandte Kunst widmet dem Buchillustrator und Buchgestalter Kurt L\u00f6b eine Sonderausstellung.<\/p>\n\n\n\n<p>Um 13 Uhr wird in Collis das\u00a0\u201eCollis Open Air 2025\u201c\u00a0fortgesetzt. Die dreit\u00e4gige Veranstaltung ist auch unter dem Namen \u201eRock am Teich\u201c bekannt. Das Festival bietet ein abwechslungsreiches Musikprogramm, das sich vor allem auf Rockmusik konzentriert.<\/p>\n\n\n\n<p>Bei einer einst\u00fcndigen Tour durch das Kultur- und Kongresszentrum gibt es Informationen zu den dortigen Kunstwerken und der Geschichte des Hauses, welches heute als herausragendes Denkmal der Ostmoderne gilt. Treffpunkt ist der Eingang A um 14 Uhr.<\/p>\n\n\n\n<p>Ebenfalls um 14 Uhr beginnt\u00a0in der Panndorfhalle ein Wettkampf der Damen in der zweiten Bundesliga im Rollkunstlauf. Veranstalter ist der Rollsportclub Gera.<\/p>\n\n\n\n<p>Der Lusaner Spieleabend in Kooperation mit dem SpieleTreff Gera e. V. findet statt von 18 Uhr bis 22 Uhr in der Stadtteilbibliothek Werner-Petzold-Stra\u00dfe 10. Teilnehmen k\u00f6nnen Erwachsene und Jugendliche ab 14 Jahren. Einlass ist bis 18.30 Uhr.<\/p>\n\n\n\n<p>In der Diskothek Quisisana wird ab 22 Uhr die Sommer-Party gefeiert. Es ist ein Mindestalter von 18 Jahren f\u00fcr die Teilnahme erforderlich. Der Zutritt ist nur mit g\u00fcltigem Personalausweis oder Reisepass sowie in angemessener Kleidung m\u00f6glich.<\/p>\n","protected":false},"excerpt":{"rendered":"<div class=\"mh-excerpt\"><p>Der Geraer Umweltverein Gr\u00fcnes Haus Gera e. V. l\u00e4dt zu einer Radtour durch das Elstertal ein. Auf dem Elstertalradweg geht es s\u00fcdlich von Gera in Richtung Neum\u00fchle. Ziel ist die Schafshofk\u00e4serei, welche von Peer Salden <a class=\"mh-excerpt-more\" href=\"https:\/\/www.studiogera.de\/001\/2025\/06\/28\/veranstaltungen-am-samstag-101\/\" title=\"VERANSTALTUNGEN AM SAMSTAG\">[&#8230;]<\/a><\/p>\n<\/div>","protected":false},"author":2,"featured_media":32130,"comment_status":"open","ping_status":"open","sticky":false,"template":"","format":"standard","meta":{"footnotes":""},"categories":[16],"tags":[],"class_list":{"0":"post-38003","1":"post","2":"type-post","3":"status-publish","4":"format-standard","5":"has-post-thumbnail","7":"category-kurzmitteilungen"},"_links":{"self":[{"href":"https:\/\/www.studiogera.de\/001\/wp-json\/wp\/v2\/posts\/38003","targetHints":{"allow":["GET"]}}],"collection":[{"href":"https:\/\/www.studiogera.de\/001\/wp-json\/wp\/v2\/posts"}],"about":[{"href":"https:\/\/www.studiogera.de\/001\/wp-json\/wp\/v2\/types\/post"}],"author":[{"embeddable":true,"href":"https:\/\/www.studiogera.de\/001\/wp-json\/wp\/v2\/users\/2"}],"replies":[{"embeddable":true,"href":"https:\/\/www.studiogera.de\/001\/wp-json\/wp\/v2\/comments?post=38003"}],"version-history":[{"count":1,"href":"https:\/\/www.studiogera.de\/001\/wp-json\/wp\/v2\/posts\/38003\/revisions"}],"predecessor-version":[{"id":38004,"href":"https:\/\/www.studiogera.de\/001\/wp-json\/wp\/v2\/posts\/38003\/revisions\/38004"}],"wp:featuredmedia":[{"embeddable":true,"href":"https:\/\/www.studiogera.de\/001\/wp-json\/wp\/v2\/media\/32130"}],"wp:attachment":[{"href":"https:\/\/www.studiogera.de\/001\/wp-json\/wp\/v2\/media?parent=38003"}],"wp:term":[{"taxonomy":"category","embeddable":true,"href":"https:\/\/www.studiogera.de\/001\/wp-json\/wp\/v2\/categories?post=38003"},{"taxonomy":"post_tag","embeddable":true,"href":"https:\/\/www.studiogera.de\/001\/wp-json\/wp\/v2\/tags?post=38003"}],"curies":[{"name":"wp","href":"https:\/\/api.w.org\/{rel}","templated":true}]}}