{"id":38005,"date":"2025-06-29T00:10:00","date_gmt":"2025-06-28T22:10:00","guid":{"rendered":"https:\/\/www.studiogera.de\/001\/?p=38005"},"modified":"2025-06-28T12:14:40","modified_gmt":"2025-06-28T10:14:40","slug":"veranstaltungen-am-sonntag-92","status":"publish","type":"post","link":"https:\/\/www.studiogera.de\/001\/2025\/06\/29\/veranstaltungen-am-sonntag-92\/","title":{"rendered":"VERANSTALTUNGEN AM SONNTAG"},"content":{"rendered":"\n<p>Das Lokal Heinrichstra\u00dfe 47 l\u00e4dt von 13 Uhr bsi 18 Uhr zum \u201eKiddi Rave\u201c ein. An dem Musikabenteuer k\u00f6nnen Kinder im Alter von vier bis zw\u00f6lf Jahren in Begleitung einer Aufsichtsperson teilnehmen.<\/p>\n\n\n\n<p>In Collis, Dorfstra\u00dfe 9, wird das \u201eCollis Open Air 2025\u201c fortgesetzt. Die dreit\u00e4gige Veranstaltung ist auch unter dem Namen \u201eRock am Teich\u201c bekannt. Das Festival bietet ein abwechslungsreiches Musikprogramm, das sich vor allem auf Rockmusik konzentriert.<\/p>\n\n\n\n<p>Um 14 Uhr beginnt die einst\u00fcndige F\u00fchrung durch das Haus Schulenburg, Stra\u00dfe des Friedens 120. Die Teilnahme kostet elf Euro.<\/p>\n\n\n\n<p>Das Stadtmuseum pr\u00e4sentiert die Sonderausstellungen \u201eDas bedeutet Krieg. Stadt und Menschen in bewaffneten Konflikten\u201c und \u201eHeimat, aber anders. Comic-Welten von Olivia Vieweg\u201c. Im Museum f\u00fcr Naturkunde kann zum einen die Kabinettausstellung \u201eDer Tagebau Caaschwitz \u2013 Eine klassische Ostth\u00fcringer Mineralfundstelle\u201c besichtigt werden, zum anderen die Sonderausstellung \u201eGiganten der letzten Eiszeit \u2013 Von H\u00f6hlenhy\u00e4nen und Wollhaarnash\u00f6rnern\u201c. Die Kabinettausstellung \u201eSpurensuche \u2014 wie sich Tiere, Pilze und Pflanzen verraten\u201c kann bis zum 24. August 2025 besucht werden. Das Museum f\u00fcr angewandte Kunst widmet dem Buchillustrator und Buchgestalter Kurt L\u00f6b eine Sonderausstellung.<\/p>\n\n\n\n<p>Im Mittelpavillon der Orangerie sind vom 23. Januar bis 1. Juli 2025 insgesamt 39 Gem\u00e4lde von Alexander Wolfgang ausgestellt. Der K\u00fcnstler lebte von 1894 bis 1970 und war mit Hedwig Dix, der j\u00fcngsten Schwester von Otto Dix, verheiratet.<\/p>\n\n\n\n<p>Die Museumsh\u00f6hler k\u00f6nnen um 11 Uhr, 13 Uhr und 15 Uhr bei einer \u00f6ffentlichen F\u00fchrung erkundet werden. Der Eingang befindet sich auf der R\u00fcckseite des Museums f\u00fcr Naturkunde, Nicolaiberg 3.<\/p>\n\n\n\n<p>Das Hofwiesenbad ist aufgrund von Bauarbeiten am Dach geschlossen. Ge\u00f6ffnet hat weiterhin der Tierpark.<\/p>\n","protected":false},"excerpt":{"rendered":"<div class=\"mh-excerpt\"><p>Das Lokal Heinrichstra\u00dfe 47 l\u00e4dt von 13 Uhr bsi 18 Uhr zum \u201eKiddi Rave\u201c ein. An dem Musikabenteuer k\u00f6nnen Kinder im Alter von vier bis zw\u00f6lf Jahren in Begleitung einer Aufsichtsperson teilnehmen. In Collis, Dorfstra\u00dfe <a class=\"mh-excerpt-more\" href=\"https:\/\/www.studiogera.de\/001\/2025\/06\/29\/veranstaltungen-am-sonntag-92\/\" title=\"VERANSTALTUNGEN AM SONNTAG\">[&#8230;]<\/a><\/p>\n<\/div>","protected":false},"author":2,"featured_media":36635,"comment_status":"open","ping_status":"open","sticky":false,"template":"","format":"standard","meta":{"footnotes":""},"categories":[16],"tags":[],"class_list":{"0":"post-38005","1":"post","2":"type-post","3":"status-publish","4":"format-standard","5":"has-post-thumbnail","7":"category-kurzmitteilungen"},"_links":{"self":[{"href":"https:\/\/www.studiogera.de\/001\/wp-json\/wp\/v2\/posts\/38005","targetHints":{"allow":["GET"]}}],"collection":[{"href":"https:\/\/www.studiogera.de\/001\/wp-json\/wp\/v2\/posts"}],"about":[{"href":"https:\/\/www.studiogera.de\/001\/wp-json\/wp\/v2\/types\/post"}],"author":[{"embeddable":true,"href":"https:\/\/www.studiogera.de\/001\/wp-json\/wp\/v2\/users\/2"}],"replies":[{"embeddable":true,"href":"https:\/\/www.studiogera.de\/001\/wp-json\/wp\/v2\/comments?post=38005"}],"version-history":[{"count":1,"href":"https:\/\/www.studiogera.de\/001\/wp-json\/wp\/v2\/posts\/38005\/revisions"}],"predecessor-version":[{"id":38006,"href":"https:\/\/www.studiogera.de\/001\/wp-json\/wp\/v2\/posts\/38005\/revisions\/38006"}],"wp:featuredmedia":[{"embeddable":true,"href":"https:\/\/www.studiogera.de\/001\/wp-json\/wp\/v2\/media\/36635"}],"wp:attachment":[{"href":"https:\/\/www.studiogera.de\/001\/wp-json\/wp\/v2\/media?parent=38005"}],"wp:term":[{"taxonomy":"category","embeddable":true,"href":"https:\/\/www.studiogera.de\/001\/wp-json\/wp\/v2\/categories?post=38005"},{"taxonomy":"post_tag","embeddable":true,"href":"https:\/\/www.studiogera.de\/001\/wp-json\/wp\/v2\/tags?post=38005"}],"curies":[{"name":"wp","href":"https:\/\/api.w.org\/{rel}","templated":true}]}}