{"id":38007,"date":"2025-06-29T11:06:21","date_gmt":"2025-06-29T09:06:21","guid":{"rendered":"https:\/\/www.studiogera.de\/001\/?p=38007"},"modified":"2025-06-29T11:06:22","modified_gmt":"2025-06-29T09:06:22","slug":"tiefrote-wetterkarten-und-erste-verbotsforderungen","status":"publish","type":"post","link":"https:\/\/www.studiogera.de\/001\/2025\/06\/29\/tiefrote-wetterkarten-und-erste-verbotsforderungen\/","title":{"rendered":"TIEFROTE WETTERKARTEN UND ERSTE VERBOTSFORDERUNGEN"},"content":{"rendered":"\n<p>Was das ZDF am 26. Juni 2025 um 22.13 Uhr als Wetterbericht pr\u00e4sentierte, erinnerte eher an ein rei\u00dferisches Youtube-Video, mit dem m\u00f6glichst viele Klicks generiert werden sollen. Gleich zu Beginn wurde eine Karte gezeigt, die die Angst vor dem menschengemachten Klimawandel noch einmal stark befeuern soll. Darauf war das Mittelmeer dargestellt wie ein Flammeninferno. W\u00e4hrend das Wetter fr\u00fcher eher ruhig und sachlich pr\u00e4sentiert wurde, setzt man heute auf stark emotionalisierende Inhalte, wobei W\u00f6rter wie \u201eextrem\u201c m\u00f6glichst h\u00e4ufig genannt und auch besonders stark betont werden.<\/p>\n\n\n\n<p>Eine Welt der Extreme soll vermittelt werden \u2014 um sich hinterher \u00fcber extreme Reaktionen einer emotional aufgew\u00fchlten Gesellschaft beschweren zu k\u00f6nnen. Wetterberichte dieser Art zeigen, wie unterschiedlich mit dem Sch\u00fcren von \u00c4ngsten umgegangen wird. Die Frage ist nur, wer es tut und wof\u00fcr. Geht es um das Klima, sind Stilmittel erlaubt, f\u00fcr die andere an den medialen Pranger gestellt werden. M\u00f6glicherweise pr\u00e4sentieren Umfrageinstitute wie Yougov schon in wenigen Tagen Zahlen, wonach die Angst vor dem Klimawandel deutlich zugenommen hat. Dann hat der Wetterbericht sein Ziel erreicht. Die Politik wird die Umfrageergebnisse sicherlich dankend entgegennehmen.<\/p>\n\n\n\n<p><a href=\"https:\/\/www.youtube.com\/watch?v=jgzOpcxWhto\">https:\/\/www.youtube.com\/watch?v=jgzOpcxWhto<\/a><\/p>\n\n\n\n<p>Die Dramaturgie scheint sich das ZDF bei Dominik Jung abgeschaut zu haben. Dieser ver\u00f6ffentlicht regelm\u00e4\u00dfig Panikmeldungen und nutzt daf\u00fcr jede Wetterlage. Inzwischen warnt er auch vor Klimaleugnern. \u201eDas gab\u2019s doch schon immer\u201c ist ein Satz, den er nicht mehr h\u00f6ren m\u00f6chte. Verharmlosungen dieser Art bezeichnet der Meinungsmacher in seiner j\u00fcngsten Kolumne als unertr\u00e4glich. Hitze sei weltweit das t\u00f6dlichste Wetterph\u00e4nomen, so Jung. Viele w\u00fcrden die Realit\u00e4t des Klimawandels sehenden Auges ignorieren. Geschickt f\u00fchrt er einige vulnerable Gruppen auf und \u00fcbertr\u00e4gt deren Risiken auf die gro\u00dfe Allgemeinheit.<\/p>\n\n\n\n<p><a href=\"https:\/\/www.fr.de\/panorama\/realitaet-des-klimawandels-rekord-hitzewelle-mit-bis-zu-42-grad-droht-deutschland-viele-ignorieren-die-zr-93805435.html#:~:text=Von%20Samstag%20(28.%20Juni),Menschen%20kann%20das%20lebensgef%C3%A4hrlich%20werden.\">https:\/\/www.fr.de\/panorama\/realitaet-des-klimawandels-rekord-hitzewelle-mit-bis-zu-42-grad-droht-deutschland-viele-ignorieren-die-zr-93805435.html#:~:text=Von%20Samstag%20(28.%20Juni),Menschen%20kann%20das%20lebensgef%C3%A4hrlich%20werden.<\/a><\/p>\n\n\n\n<p>Den Verdacht, dass in Deutschland besonders intensiv an der Angst vor dem Klimawandel gearbeitet wird, haben auch viele Reisende. Nirgendwo schrille das Smartphone so oft wegen des Wetters, wie in der Bundesrepublik, hei\u00dft es da zum Beispiel von Leuten, die h\u00e4ufig ins Ausland fliegen. Kaum habe man die Grenze \u00fcberschritten, beg\u00e4nnen die Warnungen.<\/p>\n\n\n\n<p>Einige Initiativen, Nichtregierungsorganisationen und Politiker fordern bereits, das Anzweifeln des menschengemachten Klimawandels strafrechtlich zu verfolgen. Derzeit sind \u00c4u\u00dferungen wie \u201edas gab\u2019s doch schon immer\u201c von der Meinungsfreiheit gedeckt. In naher Zukunft k\u00f6nnte ein solcher Satz aber erhebliche Probleme mit sich bringen, und vielleicht sogar mit dem Hinweis auf tausende Tote zur gesellschaftlichen \u00c4chtung f\u00fchren. Viele junge Menschen werden das Narrativ von der t\u00f6dlichen Hitze verinnerlicht haben, w\u00e4hrend sich bei den \u00e4lteren Skepsis breit macht.<\/p>\n","protected":false},"excerpt":{"rendered":"<div class=\"mh-excerpt\"><p>Was das ZDF am 26. Juni 2025 um 22.13 Uhr als Wetterbericht pr\u00e4sentierte, erinnerte eher an ein rei\u00dferisches Youtube-Video, mit dem m\u00f6glichst viele Klicks generiert werden sollen. Gleich zu Beginn wurde eine Karte gezeigt, die <a class=\"mh-excerpt-more\" href=\"https:\/\/www.studiogera.de\/001\/2025\/06\/29\/tiefrote-wetterkarten-und-erste-verbotsforderungen\/\" title=\"TIEFROTE WETTERKARTEN UND ERSTE VERBOTSFORDERUNGEN\">[&#8230;]<\/a><\/p>\n<\/div>","protected":false},"author":2,"featured_media":38014,"comment_status":"open","ping_status":"open","sticky":false,"template":"","format":"standard","meta":{"footnotes":""},"categories":[6],"tags":[],"class_list":{"0":"post-38007","1":"post","2":"type-post","3":"status-publish","4":"format-standard","5":"has-post-thumbnail","7":"category-gesellschaft"},"_links":{"self":[{"href":"https:\/\/www.studiogera.de\/001\/wp-json\/wp\/v2\/posts\/38007","targetHints":{"allow":["GET"]}}],"collection":[{"href":"https:\/\/www.studiogera.de\/001\/wp-json\/wp\/v2\/posts"}],"about":[{"href":"https:\/\/www.studiogera.de\/001\/wp-json\/wp\/v2\/types\/post"}],"author":[{"embeddable":true,"href":"https:\/\/www.studiogera.de\/001\/wp-json\/wp\/v2\/users\/2"}],"replies":[{"embeddable":true,"href":"https:\/\/www.studiogera.de\/001\/wp-json\/wp\/v2\/comments?post=38007"}],"version-history":[{"count":3,"href":"https:\/\/www.studiogera.de\/001\/wp-json\/wp\/v2\/posts\/38007\/revisions"}],"predecessor-version":[{"id":38015,"href":"https:\/\/www.studiogera.de\/001\/wp-json\/wp\/v2\/posts\/38007\/revisions\/38015"}],"wp:featuredmedia":[{"embeddable":true,"href":"https:\/\/www.studiogera.de\/001\/wp-json\/wp\/v2\/media\/38014"}],"wp:attachment":[{"href":"https:\/\/www.studiogera.de\/001\/wp-json\/wp\/v2\/media?parent=38007"}],"wp:term":[{"taxonomy":"category","embeddable":true,"href":"https:\/\/www.studiogera.de\/001\/wp-json\/wp\/v2\/categories?post=38007"},{"taxonomy":"post_tag","embeddable":true,"href":"https:\/\/www.studiogera.de\/001\/wp-json\/wp\/v2\/tags?post=38007"}],"curies":[{"name":"wp","href":"https:\/\/api.w.org\/{rel}","templated":true}]}}