{"id":38012,"date":"2025-06-29T11:06:43","date_gmt":"2025-06-29T09:06:43","guid":{"rendered":"https:\/\/www.studiogera.de\/001\/?p=38012"},"modified":"2025-06-29T11:06:44","modified_gmt":"2025-06-29T09:06:44","slug":"das-museum-fuer-naturkunde-in-den-sommerferien","status":"publish","type":"post","link":"https:\/\/www.studiogera.de\/001\/2025\/06\/29\/das-museum-fuer-naturkunde-in-den-sommerferien\/","title":{"rendered":"DAS MUSEUM F\u00dcR NATURKUNDE IN DEN SOMMERFERIEN"},"content":{"rendered":"\n<p>W\u00e4hrend der Th\u00fcringer Sommerferien 2025 l\u00e4dt das Museum f\u00fcr Naturkunde zu achtzehn \u00f6ffentlichen Veranstaltungen ein. Die Teilnehmerzahl ist bei jeder Veranstaltung begrenzt. Empfohlen wird daher die telefonische Reservierung unter der Rufnummer +4936552003 w\u00e4hrend der \u00d6ffnungszeiten. Die Veranstaltungen sind geeignet f\u00fcr Kinder ab einem Alter von sechs Jahren.<\/p>\n\n\n\n<p><strong>Dienstag, 1. Juli 2025, 14 Uhr<\/strong><br>Giganten der letzten Eiszeit<\/p>\n\n\n\n<p><strong>Mittwoch, 2. Juli 2025, 14 Uhr<\/strong><br>Edelstein-Sch\u00fcrfen<\/p>\n\n\n\n<p><strong>Donnerstag, 3. Juli 2025, 14 Uhr<\/strong><br>Ich leb\u2018 nicht gern allein \u2013 Paare im Tierreich<\/p>\n\n\n\n<p><strong>Dienstag, 8. Juli 2025, 14 Uhr<\/strong><br>Giganten der letzten Eiszeit<\/p>\n\n\n\n<p><strong>Mittwoch, 9. Juli 2025, 14 Uhr<\/strong><br>Edelstein-Sch\u00fcrfen<\/p>\n\n\n\n<p><strong>Donnerstag, 10. Juli 2025, 16 Uhr<\/strong><br>Ich leb\u2018 nicht gern allein \u2013 Paare im Tierreich<\/p>\n\n\n\n<p><strong>Dienstag, 15. Juli 2025, 14 Uhr<\/strong><br>Giganten der letzten Eiszeit<\/p>\n\n\n\n<p><strong>Mittwoch, 16. Juli 2025, 14 Uhr<\/strong><br>Edelstein-Sch\u00fcrfen<\/p>\n\n\n\n<p><strong>Donnerstag, 17. Juli 2025, 14 Uhr<\/strong><br>Ich leb\u2018 nicht gern allein \u2013 Paare im Tierreich<\/p>\n\n\n\n<p><strong>Dienstag, 22. Juli 2025, 14 Uhr<\/strong><br>Giganten der letzten Eiszeit<\/p>\n\n\n\n<p><strong>Mittwoch, 23. Juli 2025, 14 Uhr<\/strong><br>Edelstein-Sch\u00fcrfen<\/p>\n\n\n\n<p><strong>Donnerstag, 24. Juli 2025, 14 Uhr<\/strong><br>Ich leb\u2018 nicht gern allein \u2013 Paare im Tierreich<\/p>\n\n\n\n<p><strong>Dienstag, 29. Juli 2025, 14 Uhr<\/strong><br>Giganten der letzten Eiszeit<\/p>\n\n\n\n<p><strong>Mittwoch, 30. Juli 2025, 14 Uhr<\/strong><br>Edelstein-Sch\u00fcrfen<\/p>\n\n\n\n<p><strong>Donnerstag, 31. Juli 2025, 14 Uhr<\/strong><br>Ich leb\u2018 nicht gern allein \u2013 Paare im Tierreich<\/p>\n\n\n\n<p><strong>Dienstag, 5. August 2025, 14 Uhr<\/strong><br>Giganten der letzten Eiszeit<\/p>\n\n\n\n<p><strong>Mittwoch, 6. August 2025, 14 Uhr<\/strong><br>Edelstein-Sch\u00fcrfen<\/p>\n\n\n\n<p><strong>Donnerstag, 7. August 2025, 14 Uhr<\/strong><br>Ich leb\u2018 nicht gern allein \u2013 Paare im Tierreich<\/p>\n\n\n\n<p>GIGANTEN DER LETZTEN EISZEIT<\/p>\n\n\n\n<p>Bei diesem Ferienprogramm dreht sich alles um die letzte Eiszeit im aktuellen Eiszeitalter. Was das ist, wann sie stattfand und wie sie die Erde ver\u00e4nderte, wird im Kinderkabinett \u201eSchwalbennest\u201c erkl\u00e4rt. Danach werden zwei gro\u00dfe ausgestorbene S\u00e4ugetiere der letzten Eiszeit genauer vorgestellt \u2013 die H\u00f6hlenhy\u00e4ne und das Wollhaarnashorn. Beide Tierarten wurden in Gera und Umgebung als Fossilien gefunden, von denen zahlreiche zu sehen sein werden.<\/p>\n\n\n\n<p>Vom Wollhaarnashorn erwartet die Besucher dar\u00fcber hinaus noch eine lebensechte Rekonstruktion in Originalgr\u00f6\u00dfe! Anschlie\u00dfend kann dann versucht werden, mit Eisenerz eine \u201eH\u00f6hlenmalerei\u201c eines Wollhaarnashorns herzustellen.<\/p>\n\n\n\n<p>EDELSTEIN-SCH\u00dcRFEN<\/p>\n\n\n\n<p>Im Museum f\u00fcr Naturkunde Gera sind viele Mineralien aus Deutschland und zahlreichen anderen L\u00e4ndern zu sehen. In den Ausstellungen werden einige ausgew\u00e4hlte Exemplare vom Museumsp\u00e4dagogen vorgestellt. Im Kinderkabinett \u201eSchwalbennest\u201c wird dar\u00fcber hinaus in einem Film gezeigt, wie echte Kristall-Sucher vorgehen, um erfolgreich Mineralien zu finden. Im Anschluss k\u00f6nnen die Ferienkinder dann im Museumshof echte Mineralien in der \u201eMuseums-Sandgrube\u201c sch\u00fcrfen, die dann auch mitgenommen werden k\u00f6nnen. Bei Gewitter, Starkregen oder Sturm kann das Edelstein-Sch\u00fcrfen im Museumshof auch kurzfristig nicht m\u00f6glich sein.<\/p>\n\n\n\n<p>ICH LEB&#8216; NICHT GERN ALLEIN \u2013 PAARE IM TIERREICH<\/p>\n\n\n\n<p>Diese Ferienveranstaltung wirft im Kinderkabinett \u201eSchwalbennest\u201c kindgerecht einen Blick auf die unterschiedlichsten Paare im Tierreich, die sich ein Leben lang treu sind, die eine \u201eFernbeziehung\u201c f\u00fchren oder die den Partner j\u00e4hrlich wechseln. M\u00e4nnchen und Weibchen einer Tierart unterscheiden sich \u00e4u\u00dferlich oft etwas oder sogar erheblich. In einem Suchspiel mit Arbeitsblatt in unserer Dauerausstellung lernen die Ferienkinder ganz einfach M\u00e4nnchen und Weibchen einiger einheimischer Tierarten zu unterscheiden. Anschlie\u00dfend wird aus dem Arbeitsblatt die Grundlage zur Anfertigung eines sch\u00f6nen Plakats zum Mitnehmen f\u00fcr das Kinderzimmer zu Hause.<\/p>\n\n\n\n<p>QUELLE: STADTVERWALTUNG<\/p>\n","protected":false},"excerpt":{"rendered":"<div class=\"mh-excerpt\"><p>W\u00e4hrend der Th\u00fcringer Sommerferien 2025 l\u00e4dt das Museum f\u00fcr Naturkunde zu achtzehn \u00f6ffentlichen Veranstaltungen ein. Die Teilnehmerzahl ist bei jeder Veranstaltung begrenzt. Empfohlen wird daher die telefonische Reservierung unter der Rufnummer +4936552003 w\u00e4hrend der \u00d6ffnungszeiten. <a class=\"mh-excerpt-more\" href=\"https:\/\/www.studiogera.de\/001\/2025\/06\/29\/das-museum-fuer-naturkunde-in-den-sommerferien\/\" title=\"DAS MUSEUM F\u00dcR NATURKUNDE IN DEN SOMMERFERIEN\">[&#8230;]<\/a><\/p>\n<\/div>","protected":false},"author":2,"featured_media":35624,"comment_status":"open","ping_status":"open","sticky":false,"template":"","format":"standard","meta":{"footnotes":""},"categories":[8],"tags":[],"class_list":{"0":"post-38012","1":"post","2":"type-post","3":"status-publish","4":"format-standard","5":"has-post-thumbnail","7":"category-kultur"},"_links":{"self":[{"href":"https:\/\/www.studiogera.de\/001\/wp-json\/wp\/v2\/posts\/38012","targetHints":{"allow":["GET"]}}],"collection":[{"href":"https:\/\/www.studiogera.de\/001\/wp-json\/wp\/v2\/posts"}],"about":[{"href":"https:\/\/www.studiogera.de\/001\/wp-json\/wp\/v2\/types\/post"}],"author":[{"embeddable":true,"href":"https:\/\/www.studiogera.de\/001\/wp-json\/wp\/v2\/users\/2"}],"replies":[{"embeddable":true,"href":"https:\/\/www.studiogera.de\/001\/wp-json\/wp\/v2\/comments?post=38012"}],"version-history":[{"count":2,"href":"https:\/\/www.studiogera.de\/001\/wp-json\/wp\/v2\/posts\/38012\/revisions"}],"predecessor-version":[{"id":38016,"href":"https:\/\/www.studiogera.de\/001\/wp-json\/wp\/v2\/posts\/38012\/revisions\/38016"}],"wp:featuredmedia":[{"embeddable":true,"href":"https:\/\/www.studiogera.de\/001\/wp-json\/wp\/v2\/media\/35624"}],"wp:attachment":[{"href":"https:\/\/www.studiogera.de\/001\/wp-json\/wp\/v2\/media?parent=38012"}],"wp:term":[{"taxonomy":"category","embeddable":true,"href":"https:\/\/www.studiogera.de\/001\/wp-json\/wp\/v2\/categories?post=38012"},{"taxonomy":"post_tag","embeddable":true,"href":"https:\/\/www.studiogera.de\/001\/wp-json\/wp\/v2\/tags?post=38012"}],"curies":[{"name":"wp","href":"https:\/\/api.w.org\/{rel}","templated":true}]}}