{"id":38297,"date":"2025-07-23T17:19:27","date_gmt":"2025-07-23T15:19:27","guid":{"rendered":"https:\/\/www.studiogera.de\/001\/?p=38297"},"modified":"2025-07-27T12:03:58","modified_gmt":"2025-07-27T10:03:58","slug":"vielseitiges-programm-zur-museumsnacht-am-16-august-2025","status":"publish","type":"post","link":"https:\/\/www.studiogera.de\/001\/2025\/07\/23\/vielseitiges-programm-zur-museumsnacht-am-16-august-2025\/","title":{"rendered":"VIELSEITIGES PROGRAMM ZUR MUSEUMSNACHT AM 16. AUGUST 2025"},"content":{"rendered":"\n<p>Geschichtstr\u00e4chtige Orte in Gera machen 500 Jahre Kultur mit H\u00e4nden greif- und mit allen Sinnen sprichw\u00f6rtlich erlebbar. Das vielf\u00e4ltige Programm der diesj\u00e4hrigen Geraer Museumsnacht bietet jedem Interessierten Gelegenheit zum Genie\u00dfen, Lernen und Staunen. Die historischen Pendelbusse laden auch in diesem Jahr dazu ein, Gera aus einem ganz neuen Blickwinkel kennenzulernen.<\/p>\n\n\n\n<p>Eine in Gera bisher nie gesehene Neuerwerbung lernen die G\u00e4ste bereits zur Er\u00f6ffnung mit Oberb\u00fcrgermeister Kurt Dannenberg und Kulturamtsleiter Felix Eckerle um 15 Uhr in der Orangerie kennen. Seinen H\u00f6hepunkt findet dieser au\u00dfergew\u00f6hnliche Tag um 22 Uhr im Kultur- und Kongresszentrum mit einem Szenischen Konzert zu 500 Jahre Bauernkrieg mit dem Ensemble Sospiratem aus Leipzig. Dazwischen gibt es unz\u00e4hlige Sonderf\u00fchrungen, Mitmachangebote und Vorf\u00fchrungen an allen 15 Standorten.<\/p>\n\n\n\n<p>Dazu geh\u00f6rt im Stadtmuseum ein Tante-Emma-Laden, in dem eingekauft werden kann wie fr\u00fcher, und ein Kursus zum Comic-Zeichnen mit der K\u00fcnstlerin Olivia Vieweg, die selbst Autorin erfolgreicher Graphic-Novels ist. Im Museum f\u00fcr Angewandte Kunst k\u00f6nnen gro\u00dfe und kleine Besucher ihr eigenes Leporello herstellen und im Otto-Dix-Haus entstehen kreative Dinge aus Seidenpapier. Im Museum f\u00fcr Naturkunde erleben Sie majest\u00e4tische Greifv\u00f6gel hautnah bei einer Flugshow und es gibt eine Exklusivf\u00fchrung mit Christopher Hermann, der ein echtes Horn eines Wollhaarnashorns im Gep\u00e4ck hat. Au\u00dferdem entstehen aus Gips Tierf\u00e4hrten f\u00fcr zu Hause.<\/p>\n\n\n\n<p>Viele weitere H\u00f6hepunkte warten auf die Besucher: Die Gedenk- und Begegnungsst\u00e4tte im Torhaus der politischen Haftanstalt l\u00e4dt bereits am Vorabend zur Vernissage der Ausstellung \u201eJugendstrafvollzug in der DDR\u201c ein, im Stasi-Unterlagen-Archiv k\u00f6nnen mit der Ausstellung \u201eStasi \u2013 Die Schattenarmee einer Diktatur\u201c Einblicke in die Arbeitsweise und das Netzwerk der Stasi gewonnen werden, im Haus Schulenburg wird der Geraer Friedenspfahl eingeweiht.<\/p>\n\n\n\n<div data-wp-interactive=\"core\/file\" class=\"wp-block-file\"><object data-wp-bind--hidden=\"!state.hasPdfPreview\" hidden class=\"wp-block-file__embed\" data=\"https:\/\/www.studiogera.de\/001\/wp-content\/uploads\/2025\/07\/PROGRAMMBLATT_042.pdf\" type=\"application\/pdf\" style=\"width:100%;height:600px\" aria-label=\"Einbettung von PROGRAMMBLATT_042.\"><\/object><a id=\"wp-block-file--media-0b5f4889-cd72-40d1-9c9b-8b34443aa2c2\" href=\"https:\/\/www.studiogera.de\/001\/wp-content\/uploads\/2025\/07\/PROGRAMMBLATT_042.pdf\">PROGRAMMBLATT_042<\/a><a href=\"https:\/\/www.studiogera.de\/001\/wp-content\/uploads\/2025\/07\/PROGRAMMBLATT_042.pdf\" class=\"wp-block-file__button wp-element-button\" download aria-describedby=\"wp-block-file--media-0b5f4889-cd72-40d1-9c9b-8b34443aa2c2\">Herunterladen<\/a><\/div>\n\n\n\n<p>F\u00fcr das leibliche Wohl ist ebenfalls gesorgt. Regionale Anbieter bieten eine Auswahl an Speisen und Getr\u00e4nken an, die die Besucher durch den Nachmittag und die Nacht begleiten.<\/p>\n\n\n\n<p>Alle Stationen k\u00f6nnen mit dem Museumsnachtb\u00e4ndchen besucht werden. Es berechtigt auch zur Nutzung der Pendelbusse.<\/p>\n\n\n\n<p>Der Vorverkauf der B\u00e4ndchen hat bereits begonnen. Bis Freitag, den 15. August 2025, k\u00f6nnen sie \u00fcber \u201ewww.ticketshop-thueringen.de\u201c und an allen Museumskassen sowie an der Gera-Information erworben werden. Zur Museumsnacht werden die B\u00e4ndchen in den st\u00e4dtischen Museen, im Haus Schulenburg sowie im Kultur- und Kongresszentrum angeboten.<\/p>\n\n\n\n<p>Das vollst\u00e4ndige Programm und alle weiteren Informationen sind unter \u201ehttps:\/\/www.gera.de\/museumsnacht\u201c abrufbar.<\/p>\n\n\n\n<p>QUELLE: STADTVERWALTUNG<\/p>\n","protected":false},"excerpt":{"rendered":"<div class=\"mh-excerpt\"><p>Geschichtstr\u00e4chtige Orte in Gera machen 500 Jahre Kultur mit H\u00e4nden greif- und mit allen Sinnen sprichw\u00f6rtlich erlebbar. Das vielf\u00e4ltige Programm der diesj\u00e4hrigen Geraer Museumsnacht bietet jedem Interessierten Gelegenheit zum Genie\u00dfen, Lernen und Staunen. Die historischen <a class=\"mh-excerpt-more\" href=\"https:\/\/www.studiogera.de\/001\/2025\/07\/23\/vielseitiges-programm-zur-museumsnacht-am-16-august-2025\/\" title=\"VIELSEITIGES PROGRAMM ZUR MUSEUMSNACHT AM 16. AUGUST 2025\">[&#8230;]<\/a><\/p>\n<\/div>","protected":false},"author":2,"featured_media":38298,"comment_status":"open","ping_status":"open","sticky":false,"template":"","format":"standard","meta":{"footnotes":""},"categories":[8],"tags":[],"class_list":{"0":"post-38297","1":"post","2":"type-post","3":"status-publish","4":"format-standard","5":"has-post-thumbnail","7":"category-kultur"},"_links":{"self":[{"href":"https:\/\/www.studiogera.de\/001\/wp-json\/wp\/v2\/posts\/38297","targetHints":{"allow":["GET"]}}],"collection":[{"href":"https:\/\/www.studiogera.de\/001\/wp-json\/wp\/v2\/posts"}],"about":[{"href":"https:\/\/www.studiogera.de\/001\/wp-json\/wp\/v2\/types\/post"}],"author":[{"embeddable":true,"href":"https:\/\/www.studiogera.de\/001\/wp-json\/wp\/v2\/users\/2"}],"replies":[{"embeddable":true,"href":"https:\/\/www.studiogera.de\/001\/wp-json\/wp\/v2\/comments?post=38297"}],"version-history":[{"count":1,"href":"https:\/\/www.studiogera.de\/001\/wp-json\/wp\/v2\/posts\/38297\/revisions"}],"predecessor-version":[{"id":38300,"href":"https:\/\/www.studiogera.de\/001\/wp-json\/wp\/v2\/posts\/38297\/revisions\/38300"}],"wp:featuredmedia":[{"embeddable":true,"href":"https:\/\/www.studiogera.de\/001\/wp-json\/wp\/v2\/media\/38298"}],"wp:attachment":[{"href":"https:\/\/www.studiogera.de\/001\/wp-json\/wp\/v2\/media?parent=38297"}],"wp:term":[{"taxonomy":"category","embeddable":true,"href":"https:\/\/www.studiogera.de\/001\/wp-json\/wp\/v2\/categories?post=38297"},{"taxonomy":"post_tag","embeddable":true,"href":"https:\/\/www.studiogera.de\/001\/wp-json\/wp\/v2\/tags?post=38297"}],"curies":[{"name":"wp","href":"https:\/\/api.w.org\/{rel}","templated":true}]}}