{"id":38303,"date":"2025-07-25T09:33:00","date_gmt":"2025-07-25T07:33:00","guid":{"rendered":"https:\/\/www.studiogera.de\/001\/?p=38303"},"modified":"2025-07-25T09:33:01","modified_gmt":"2025-07-25T07:33:01","slug":"kupferkabel-im-wohngebiet-cuba-entwendet","status":"publish","type":"post","link":"https:\/\/www.studiogera.de\/001\/2025\/07\/25\/kupferkabel-im-wohngebiet-cuba-entwendet\/","title":{"rendered":"KUPFERKABEL IM WOHNGEBIET CUBA ENTWENDET"},"content":{"rendered":"\n<p>Im Zeitraum vom 22. Juli 2025, 18 Uhr, bis 23. Juli 2025, 7.15 Uhr, betraten unbekannte T\u00e4ter ein Baustellengel\u00e4nde im Bereich Kantstra\u00dfe und Tobias-Hoppe-Stra\u00dfe. Mit einem bislang unbekannten Werkzeug trennten die Unbekannten anschlie\u00dfend mehrere Meter Kupferkabel ab und fl\u00fcchteten unerkannt. Die Polizei ermittelt wegen Diebstahls und bittet um Zeugen, die sachdienliche Hinweise geben k\u00f6nnen, sich unter der Rufnummer +493658290 bei der Polizei zu melden. Am Telefon ist die Bezugsnummer 0189909\/2025 zu nennen.<\/p>\n","protected":false},"excerpt":{"rendered":"<div class=\"mh-excerpt\"><p>Im Zeitraum vom 22. Juli 2025, 18 Uhr, bis 23. Juli 2025, 7.15 Uhr, betraten unbekannte T\u00e4ter ein Baustellengel\u00e4nde im Bereich Kantstra\u00dfe und Tobias-Hoppe-Stra\u00dfe. Mit einem bislang unbekannten Werkzeug trennten die Unbekannten anschlie\u00dfend mehrere Meter <a class=\"mh-excerpt-more\" href=\"https:\/\/www.studiogera.de\/001\/2025\/07\/25\/kupferkabel-im-wohngebiet-cuba-entwendet\/\" title=\"KUPFERKABEL IM WOHNGEBIET CUBA ENTWENDET\">[&#8230;]<\/a><\/p>\n<\/div>","protected":false},"author":2,"featured_media":9352,"comment_status":"open","ping_status":"open","sticky":false,"template":"","format":"standard","meta":{"footnotes":""},"categories":[13],"tags":[],"class_list":{"0":"post-38303","1":"post","2":"type-post","3":"status-publish","4":"format-standard","5":"has-post-thumbnail","7":"category-polizeiberichte"},"_links":{"self":[{"href":"https:\/\/www.studiogera.de\/001\/wp-json\/wp\/v2\/posts\/38303","targetHints":{"allow":["GET"]}}],"collection":[{"href":"https:\/\/www.studiogera.de\/001\/wp-json\/wp\/v2\/posts"}],"about":[{"href":"https:\/\/www.studiogera.de\/001\/wp-json\/wp\/v2\/types\/post"}],"author":[{"embeddable":true,"href":"https:\/\/www.studiogera.de\/001\/wp-json\/wp\/v2\/users\/2"}],"replies":[{"embeddable":true,"href":"https:\/\/www.studiogera.de\/001\/wp-json\/wp\/v2\/comments?post=38303"}],"version-history":[{"count":1,"href":"https:\/\/www.studiogera.de\/001\/wp-json\/wp\/v2\/posts\/38303\/revisions"}],"predecessor-version":[{"id":38304,"href":"https:\/\/www.studiogera.de\/001\/wp-json\/wp\/v2\/posts\/38303\/revisions\/38304"}],"wp:featuredmedia":[{"embeddable":true,"href":"https:\/\/www.studiogera.de\/001\/wp-json\/wp\/v2\/media\/9352"}],"wp:attachment":[{"href":"https:\/\/www.studiogera.de\/001\/wp-json\/wp\/v2\/media?parent=38303"}],"wp:term":[{"taxonomy":"category","embeddable":true,"href":"https:\/\/www.studiogera.de\/001\/wp-json\/wp\/v2\/categories?post=38303"},{"taxonomy":"post_tag","embeddable":true,"href":"https:\/\/www.studiogera.de\/001\/wp-json\/wp\/v2\/tags?post=38303"}],"curies":[{"name":"wp","href":"https:\/\/api.w.org\/{rel}","templated":true}]}}