{"id":38305,"date":"2025-07-25T09:36:28","date_gmt":"2025-07-25T07:36:28","guid":{"rendered":"https:\/\/www.studiogera.de\/001\/?p=38305"},"modified":"2025-07-25T09:36:28","modified_gmt":"2025-07-25T07:36:28","slug":"e-roller-ohne-versicherungskennzeichen","status":"publish","type":"post","link":"https:\/\/www.studiogera.de\/001\/2025\/07\/25\/e-roller-ohne-versicherungskennzeichen\/","title":{"rendered":"E-ROLLER OHNE VERSICHERUNGSKENNZEICHEN"},"content":{"rendered":"\n<p>Am 24. Juli 2025 kontrollierten Beamte der Polizei gegen 19.20 Uhr in Lusan einen 37-j\u00e4hrigen E-Roller-Fahrer in der N\u00fcrnberger Stra\u00dfe. An dem genutzten Fahrzeug war kein Versicherungskennzeichen angebracht, und ein entsprechender Nachweis konnte vor Ort nicht erbracht werden. Die Weiterfahrt wurde untersagt und ein Ermittlungsverfahren wegen des Verdachts eines Versto\u00dfes gegen das Pflichtversicherungsgesetz eingeleitet.<\/p>\n","protected":false},"excerpt":{"rendered":"<div class=\"mh-excerpt\"><p>Am 24. Juli 2025 kontrollierten Beamte der Polizei gegen 19.20 Uhr in Lusan einen 37-j\u00e4hrigen E-Roller-Fahrer in der N\u00fcrnberger Stra\u00dfe. An dem genutzten Fahrzeug war kein Versicherungskennzeichen angebracht, und ein entsprechender Nachweis konnte vor Ort <a class=\"mh-excerpt-more\" href=\"https:\/\/www.studiogera.de\/001\/2025\/07\/25\/e-roller-ohne-versicherungskennzeichen\/\" title=\"E-ROLLER OHNE VERSICHERUNGSKENNZEICHEN\">[&#8230;]<\/a><\/p>\n<\/div>","protected":false},"author":2,"featured_media":9356,"comment_status":"open","ping_status":"open","sticky":false,"template":"","format":"standard","meta":{"footnotes":""},"categories":[13],"tags":[],"class_list":{"0":"post-38305","1":"post","2":"type-post","3":"status-publish","4":"format-standard","5":"has-post-thumbnail","7":"category-polizeiberichte"},"_links":{"self":[{"href":"https:\/\/www.studiogera.de\/001\/wp-json\/wp\/v2\/posts\/38305","targetHints":{"allow":["GET"]}}],"collection":[{"href":"https:\/\/www.studiogera.de\/001\/wp-json\/wp\/v2\/posts"}],"about":[{"href":"https:\/\/www.studiogera.de\/001\/wp-json\/wp\/v2\/types\/post"}],"author":[{"embeddable":true,"href":"https:\/\/www.studiogera.de\/001\/wp-json\/wp\/v2\/users\/2"}],"replies":[{"embeddable":true,"href":"https:\/\/www.studiogera.de\/001\/wp-json\/wp\/v2\/comments?post=38305"}],"version-history":[{"count":1,"href":"https:\/\/www.studiogera.de\/001\/wp-json\/wp\/v2\/posts\/38305\/revisions"}],"predecessor-version":[{"id":38306,"href":"https:\/\/www.studiogera.de\/001\/wp-json\/wp\/v2\/posts\/38305\/revisions\/38306"}],"wp:featuredmedia":[{"embeddable":true,"href":"https:\/\/www.studiogera.de\/001\/wp-json\/wp\/v2\/media\/9356"}],"wp:attachment":[{"href":"https:\/\/www.studiogera.de\/001\/wp-json\/wp\/v2\/media?parent=38305"}],"wp:term":[{"taxonomy":"category","embeddable":true,"href":"https:\/\/www.studiogera.de\/001\/wp-json\/wp\/v2\/categories?post=38305"},{"taxonomy":"post_tag","embeddable":true,"href":"https:\/\/www.studiogera.de\/001\/wp-json\/wp\/v2\/tags?post=38305"}],"curies":[{"name":"wp","href":"https:\/\/api.w.org\/{rel}","templated":true}]}}