{"id":38309,"date":"2025-07-25T09:48:45","date_gmt":"2025-07-25T07:48:45","guid":{"rendered":"https:\/\/www.studiogera.de\/001\/?p=38309"},"modified":"2025-07-25T09:48:47","modified_gmt":"2025-07-25T07:48:47","slug":"betrug-in-der-lebensmittelbranche","status":"publish","type":"post","link":"https:\/\/www.studiogera.de\/001\/2025\/07\/25\/betrug-in-der-lebensmittelbranche\/","title":{"rendered":"BETRUG IN DER LEBENSMITTELBRANCHE"},"content":{"rendered":"\n<p>Im Zeitraum vom 7. April bis 14. Juli 2025 kam es zu einem Betrugsfall zum Nachteil eines Geraer Nahrungsmittelunternehmens. Nach derzeitigen Erkenntnissen kontaktierte ein bislang unbekannter T\u00e4ter, der sich als Mitarbeiter eines franz\u00f6sischen Einzelhandelsunternehmens ausgab, die Geraer Firma und verhandelte \u00fcber eine Gesch\u00e4ftsbeziehung. In der Folge wurden insgesamt Lebensmittelprodukte in einer niedrigen dreistelligen Anzahl durch das Geraer Unternehmen nach Frankreich versandt. Eine Bezahlung der Produkte blieb aus und weitere Kontaktversuche blieben erfolglos. Der entstandene Verm\u00f6gensschaden bel\u00e4uft sich nach derzeitigen Angaben auf einen niedrigen sechsstelligen Betrag. Die Kriminalpolizei hat die Ermittlungen zur Tat aufgenommen.<\/p>\n","protected":false},"excerpt":{"rendered":"<div class=\"mh-excerpt\"><p>Im Zeitraum vom 7. April bis 14. Juli 2025 kam es zu einem Betrugsfall zum Nachteil eines Geraer Nahrungsmittelunternehmens. Nach derzeitigen Erkenntnissen kontaktierte ein bislang unbekannter T\u00e4ter, der sich als Mitarbeiter eines franz\u00f6sischen Einzelhandelsunternehmens ausgab, <a class=\"mh-excerpt-more\" href=\"https:\/\/www.studiogera.de\/001\/2025\/07\/25\/betrug-in-der-lebensmittelbranche\/\" title=\"BETRUG IN DER LEBENSMITTELBRANCHE\">[&#8230;]<\/a><\/p>\n<\/div>","protected":false},"author":2,"featured_media":9351,"comment_status":"open","ping_status":"open","sticky":false,"template":"","format":"standard","meta":{"footnotes":""},"categories":[13],"tags":[],"class_list":{"0":"post-38309","1":"post","2":"type-post","3":"status-publish","4":"format-standard","5":"has-post-thumbnail","7":"category-polizeiberichte"},"_links":{"self":[{"href":"https:\/\/www.studiogera.de\/001\/wp-json\/wp\/v2\/posts\/38309","targetHints":{"allow":["GET"]}}],"collection":[{"href":"https:\/\/www.studiogera.de\/001\/wp-json\/wp\/v2\/posts"}],"about":[{"href":"https:\/\/www.studiogera.de\/001\/wp-json\/wp\/v2\/types\/post"}],"author":[{"embeddable":true,"href":"https:\/\/www.studiogera.de\/001\/wp-json\/wp\/v2\/users\/2"}],"replies":[{"embeddable":true,"href":"https:\/\/www.studiogera.de\/001\/wp-json\/wp\/v2\/comments?post=38309"}],"version-history":[{"count":1,"href":"https:\/\/www.studiogera.de\/001\/wp-json\/wp\/v2\/posts\/38309\/revisions"}],"predecessor-version":[{"id":38310,"href":"https:\/\/www.studiogera.de\/001\/wp-json\/wp\/v2\/posts\/38309\/revisions\/38310"}],"wp:featuredmedia":[{"embeddable":true,"href":"https:\/\/www.studiogera.de\/001\/wp-json\/wp\/v2\/media\/9351"}],"wp:attachment":[{"href":"https:\/\/www.studiogera.de\/001\/wp-json\/wp\/v2\/media?parent=38309"}],"wp:term":[{"taxonomy":"category","embeddable":true,"href":"https:\/\/www.studiogera.de\/001\/wp-json\/wp\/v2\/categories?post=38309"},{"taxonomy":"post_tag","embeddable":true,"href":"https:\/\/www.studiogera.de\/001\/wp-json\/wp\/v2\/tags?post=38309"}],"curies":[{"name":"wp","href":"https:\/\/api.w.org\/{rel}","templated":true}]}}