{"id":38553,"date":"2025-08-17T07:44:06","date_gmt":"2025-08-17T05:44:06","guid":{"rendered":"https:\/\/www.studiogera.de\/001\/?p=38553"},"modified":"2025-08-17T07:44:07","modified_gmt":"2025-08-17T05:44:07","slug":"veranstaltungen-am-sonntag-99","status":"publish","type":"post","link":"https:\/\/www.studiogera.de\/001\/2025\/08\/17\/veranstaltungen-am-sonntag-99\/","title":{"rendered":"VERANSTALTUNGEN AM SONNTAG"},"content":{"rendered":"\n<p>Die Theaterfabrik veranstaltet ab 11 Uhr in der Tonhalle ihr Fabrikfr\u00fchst\u00fcck und stellt dabei das Programm der neuen Spielzeiot vor.<\/p>\n\n\n\n<p>In Heinrichsgr\u00fcn wird das 23. S\u00fclzenfest fortgesetzt. Die St\u00e4nde befinden sich auf dem Parkplatz an der Sportanlage. H\u00f6hepunkt des Festes ist die Verkostung hausgemachter S\u00fclze.<\/p>\n\n\n\n<p>25 K\u00fcnstler pr\u00e4sentieren im Rahmen der XII. H\u00f6hlerbiennale ihre Installationen zum Thema \u201eUnterhaltung\u201c in den H\u00f6hlern. Um 11 Uhr, 13 Uhr und 15 Uhr finden \u00f6ffentliche F\u00fchrungen statt. Der Eingang zu den H\u00f6hlern befindet sich auf der R\u00fcckseite des Museums f\u00fcr Naturkunde, Nicolaiberg 3.<\/p>\n\n\n\n<p>Oberb\u00fcrgermeister Kurt Dannenberg ist heute von 14 Uhr bis 17 Uhr zu Gast im Terrassencaf\u00e9 auf dem Osterstein. Im Zusammenhang mit der \u201eVision Osterstein\u201d spricht er \u00fcber die Sichtweisen der Stadt: Wie wichtig ist der Standort f\u00fcr die Stadt? Welche Zukunft stellt sie sich vor? Was f\u00fcr Potential sieht sie? Interessierte B\u00fcrger d\u00fcrfen sich bei Kaffee und Kuchen an dem Gespr\u00e4ch beteiligen.<\/p>\n\n\n\n<p>Am Badesee in Aga, Reichenbacher Stra\u00dfe 10, 07554 Gera, wird das K\u00e4fer-Treffen fortgesetzt. Es ist der letzte Veranstaltungstag.<\/p>\n\n\n\n<p>Das Stadtmuseum pr\u00e4sentiert die Sonderausstellungen \u201eDas bedeutet Krieg. Stadt und Menschen in bewaffneten Konflikten\u201c und \u201eHeimat, aber anders. Comic-Welten von Olivia Vieweg\u201c. Im Museum f\u00fcr Naturkunde kann die Kabinettausstellung \u201eDer Tagebau Caaschwitz \u2014 Eine klassische Ostth\u00fcringer Mineralfundstelle\u201c besichtigt werden. Die dortige Sonderausstellung \u201eGiganten der letzten Eiszeit \u2014 Von H\u00f6hlenhy\u00e4nen und Wollhaarnash\u00f6rnern\u201c endet am 24. August 2025, ebenso die Kabinettausstellung \u201eSpurensuche \u2014 wie sich Tiere, Pilze und Pflanzen verraten\u201c. Das Museum f\u00fcr angewandte Kunst widmet dem Buchillustrator und Buchgestalter Kurt L\u00f6b eine Sonderausstellung.<\/p>\n","protected":false},"excerpt":{"rendered":"<div class=\"mh-excerpt\"><p>Die Theaterfabrik veranstaltet ab 11 Uhr in der Tonhalle ihr Fabrikfr\u00fchst\u00fcck und stellt dabei das Programm der neuen Spielzeiot vor. In Heinrichsgr\u00fcn wird das 23. S\u00fclzenfest fortgesetzt. Die St\u00e4nde befinden sich auf dem Parkplatz an <a class=\"mh-excerpt-more\" href=\"https:\/\/www.studiogera.de\/001\/2025\/08\/17\/veranstaltungen-am-sonntag-99\/\" title=\"VERANSTALTUNGEN AM SONNTAG\">[&#8230;]<\/a><\/p>\n<\/div>","protected":false},"author":2,"featured_media":32130,"comment_status":"open","ping_status":"open","sticky":false,"template":"","format":"standard","meta":{"footnotes":""},"categories":[16],"tags":[],"class_list":{"0":"post-38553","1":"post","2":"type-post","3":"status-publish","4":"format-standard","5":"has-post-thumbnail","7":"category-kurzmitteilungen"},"_links":{"self":[{"href":"https:\/\/www.studiogera.de\/001\/wp-json\/wp\/v2\/posts\/38553","targetHints":{"allow":["GET"]}}],"collection":[{"href":"https:\/\/www.studiogera.de\/001\/wp-json\/wp\/v2\/posts"}],"about":[{"href":"https:\/\/www.studiogera.de\/001\/wp-json\/wp\/v2\/types\/post"}],"author":[{"embeddable":true,"href":"https:\/\/www.studiogera.de\/001\/wp-json\/wp\/v2\/users\/2"}],"replies":[{"embeddable":true,"href":"https:\/\/www.studiogera.de\/001\/wp-json\/wp\/v2\/comments?post=38553"}],"version-history":[{"count":1,"href":"https:\/\/www.studiogera.de\/001\/wp-json\/wp\/v2\/posts\/38553\/revisions"}],"predecessor-version":[{"id":38554,"href":"https:\/\/www.studiogera.de\/001\/wp-json\/wp\/v2\/posts\/38553\/revisions\/38554"}],"wp:featuredmedia":[{"embeddable":true,"href":"https:\/\/www.studiogera.de\/001\/wp-json\/wp\/v2\/media\/32130"}],"wp:attachment":[{"href":"https:\/\/www.studiogera.de\/001\/wp-json\/wp\/v2\/media?parent=38553"}],"wp:term":[{"taxonomy":"category","embeddable":true,"href":"https:\/\/www.studiogera.de\/001\/wp-json\/wp\/v2\/categories?post=38553"},{"taxonomy":"post_tag","embeddable":true,"href":"https:\/\/www.studiogera.de\/001\/wp-json\/wp\/v2\/tags?post=38553"}],"curies":[{"name":"wp","href":"https:\/\/api.w.org\/{rel}","templated":true}]}}