{"id":38555,"date":"2025-08-17T23:39:08","date_gmt":"2025-08-17T21:39:08","guid":{"rendered":"https:\/\/www.studiogera.de\/001\/?p=38555"},"modified":"2025-08-17T23:39:09","modified_gmt":"2025-08-17T21:39:09","slug":"illegales-graffito-in-lusan","status":"publish","type":"post","link":"https:\/\/www.studiogera.de\/001\/2025\/08\/17\/illegales-graffito-in-lusan\/","title":{"rendered":"ILLEGALES GRAFFITO IN LUSAN"},"content":{"rendered":"\n<p>Am Samstag, den 16. August 2025, erhielt die Polizei durch aufmerksame B\u00fcrger den Hinweis, dass zwei Junge M\u00e4nner die Haltestelle Keplerstra\u00dfe in der Wiesestra\u00dfe beschmieren. Als die Beamten kurze Zeit sp\u00e4ter eintreffen, waren die T\u00e4ter bereits fl\u00fcchtig. Durch die vorhandene Personenbeschreibung der T\u00e4ter konnten diese jedoch sp\u00e4ter im Bereich Schleizer Stra\u00dfe in Lusan aufgegriffen werden. Gegen die beiden jungen M\u00e4nnern wird nun wegen Sachbesch\u00e4digung ermittelt.<\/p>\n","protected":false},"excerpt":{"rendered":"<div class=\"mh-excerpt\"><p>Am Samstag, den 16. August 2025, erhielt die Polizei durch aufmerksame B\u00fcrger den Hinweis, dass zwei Junge M\u00e4nner die Haltestelle Keplerstra\u00dfe in der Wiesestra\u00dfe beschmieren. Als die Beamten kurze Zeit sp\u00e4ter eintreffen, waren die T\u00e4ter <a class=\"mh-excerpt-more\" href=\"https:\/\/www.studiogera.de\/001\/2025\/08\/17\/illegales-graffito-in-lusan\/\" title=\"ILLEGALES GRAFFITO IN LUSAN\">[&#8230;]<\/a><\/p>\n<\/div>","protected":false},"author":3,"featured_media":9353,"comment_status":"open","ping_status":"open","sticky":false,"template":"","format":"standard","meta":{"footnotes":""},"categories":[13],"tags":[],"class_list":{"0":"post-38555","1":"post","2":"type-post","3":"status-publish","4":"format-standard","5":"has-post-thumbnail","7":"category-polizeiberichte"},"_links":{"self":[{"href":"https:\/\/www.studiogera.de\/001\/wp-json\/wp\/v2\/posts\/38555","targetHints":{"allow":["GET"]}}],"collection":[{"href":"https:\/\/www.studiogera.de\/001\/wp-json\/wp\/v2\/posts"}],"about":[{"href":"https:\/\/www.studiogera.de\/001\/wp-json\/wp\/v2\/types\/post"}],"author":[{"embeddable":true,"href":"https:\/\/www.studiogera.de\/001\/wp-json\/wp\/v2\/users\/3"}],"replies":[{"embeddable":true,"href":"https:\/\/www.studiogera.de\/001\/wp-json\/wp\/v2\/comments?post=38555"}],"version-history":[{"count":1,"href":"https:\/\/www.studiogera.de\/001\/wp-json\/wp\/v2\/posts\/38555\/revisions"}],"predecessor-version":[{"id":38556,"href":"https:\/\/www.studiogera.de\/001\/wp-json\/wp\/v2\/posts\/38555\/revisions\/38556"}],"wp:featuredmedia":[{"embeddable":true,"href":"https:\/\/www.studiogera.de\/001\/wp-json\/wp\/v2\/media\/9353"}],"wp:attachment":[{"href":"https:\/\/www.studiogera.de\/001\/wp-json\/wp\/v2\/media?parent=38555"}],"wp:term":[{"taxonomy":"category","embeddable":true,"href":"https:\/\/www.studiogera.de\/001\/wp-json\/wp\/v2\/categories?post=38555"},{"taxonomy":"post_tag","embeddable":true,"href":"https:\/\/www.studiogera.de\/001\/wp-json\/wp\/v2\/tags?post=38555"}],"curies":[{"name":"wp","href":"https:\/\/api.w.org\/{rel}","templated":true}]}}