{"id":38559,"date":"2025-08-17T23:46:21","date_gmt":"2025-08-17T21:46:21","guid":{"rendered":"https:\/\/www.studiogera.de\/001\/?p=38559"},"modified":"2025-08-17T23:46:23","modified_gmt":"2025-08-17T21:46:23","slug":"vermisstes-maedchen-in-frankfurt-an-der-oder-festgestellt","status":"publish","type":"post","link":"https:\/\/www.studiogera.de\/001\/2025\/08\/17\/vermisstes-maedchen-in-frankfurt-an-der-oder-festgestellt\/","title":{"rendered":"VERMISSTES M\u00c4DCHEN IN FRANKFURT AN DER ODER FESTGESTELLT"},"content":{"rendered":"\n<p>Ein seit Samstag vermisstes 13-j\u00e4hriges M\u00e4dchen aus M\u00fcnchenbernsdorf konnte am Sonntag in Frankfurt an der Oder aufgefunden werden. Die Geraer Polizei bedankt sich bei allen Mitsuchenden.<\/p>\n","protected":false},"excerpt":{"rendered":"<div class=\"mh-excerpt\"><p>Ein seit Samstag vermisstes 13-j\u00e4hriges M\u00e4dchen aus M\u00fcnchenbernsdorf konnte am Sonntag in Frankfurt an der Oder aufgefunden werden. Die Geraer Polizei bedankt sich bei allen Mitsuchenden.<\/p>\n<\/div>","protected":false},"author":3,"featured_media":16118,"comment_status":"open","ping_status":"open","sticky":false,"template":"","format":"standard","meta":{"footnotes":""},"categories":[13],"tags":[],"class_list":{"0":"post-38559","1":"post","2":"type-post","3":"status-publish","4":"format-standard","5":"has-post-thumbnail","7":"category-polizeiberichte"},"_links":{"self":[{"href":"https:\/\/www.studiogera.de\/001\/wp-json\/wp\/v2\/posts\/38559","targetHints":{"allow":["GET"]}}],"collection":[{"href":"https:\/\/www.studiogera.de\/001\/wp-json\/wp\/v2\/posts"}],"about":[{"href":"https:\/\/www.studiogera.de\/001\/wp-json\/wp\/v2\/types\/post"}],"author":[{"embeddable":true,"href":"https:\/\/www.studiogera.de\/001\/wp-json\/wp\/v2\/users\/3"}],"replies":[{"embeddable":true,"href":"https:\/\/www.studiogera.de\/001\/wp-json\/wp\/v2\/comments?post=38559"}],"version-history":[{"count":1,"href":"https:\/\/www.studiogera.de\/001\/wp-json\/wp\/v2\/posts\/38559\/revisions"}],"predecessor-version":[{"id":38560,"href":"https:\/\/www.studiogera.de\/001\/wp-json\/wp\/v2\/posts\/38559\/revisions\/38560"}],"wp:featuredmedia":[{"embeddable":true,"href":"https:\/\/www.studiogera.de\/001\/wp-json\/wp\/v2\/media\/16118"}],"wp:attachment":[{"href":"https:\/\/www.studiogera.de\/001\/wp-json\/wp\/v2\/media?parent=38559"}],"wp:term":[{"taxonomy":"category","embeddable":true,"href":"https:\/\/www.studiogera.de\/001\/wp-json\/wp\/v2\/categories?post=38559"},{"taxonomy":"post_tag","embeddable":true,"href":"https:\/\/www.studiogera.de\/001\/wp-json\/wp\/v2\/tags?post=38559"}],"curies":[{"name":"wp","href":"https:\/\/api.w.org\/{rel}","templated":true}]}}