{"id":38563,"date":"2025-08-18T00:24:45","date_gmt":"2025-08-17T22:24:45","guid":{"rendered":"https:\/\/www.studiogera.de\/001\/?p=38563"},"modified":"2025-08-18T00:25:33","modified_gmt":"2025-08-17T22:25:33","slug":"wie-senioren-mit-ki-ihren-alltag-erleichtern-koennen","status":"publish","type":"post","link":"https:\/\/www.studiogera.de\/001\/2025\/08\/18\/wie-senioren-mit-ki-ihren-alltag-erleichtern-koennen\/","title":{"rendered":"WIE SENIOREN MIT KI IHREN ALLTAG ERLEICHTERN K\u00d6NNEN"},"content":{"rendered":"\n<p>Am 19. August 2025, in der Zeit von 10 Uhr bis 12 Uhr, werden in der Bibliothek am Puschkinplatz die vielf\u00e4ltigen M\u00f6glichkeiten von K\u00fcnstlicher Intelligenz (KI) im Alltag f\u00fcr Senioren vorgestellt. Ziel ist es, \u00e4lteren Menschen zu zeigen, wie KI-Technologien ihren Alltag erleichtern und bereichern k\u00f6nnen. Konstantin Brau\u00df von der BLAID GmbH aus Leipzig erkl\u00e4rt einfach und verst\u00e4ndlich, was KI eigentlich bedeutet und wof\u00fcr man sie nutzen kann. Dabei werden praktische Anwendungen wie Sprachassistenten und Applikationen vorgestellt. Die Veranstaltung bietet auch die Gelegenheit, Fragen zu stellen und mehr \u00fcber die sichere Nutzung dieser Technologien zu erfahren. In der anschlie\u00dfenden Digitalsprechstunde gibt es dann wie immer die M\u00f6glichkeit, individuelle Fragen zu stellen und Probleme mit dem eigenen Smartphone oder Tablet zu schildern. Die Teilnahme an der Veranstaltung ist kostenlos.<\/p>\n\n\n\n<p>Mit dem regelm\u00e4\u00dfig angebotenen &#8222;Digitalen Dienstag&#8220; hat die Stadt- und Regionalbibliothek Gera in Zusammenarbeit mit dem Th\u00fcringer Medienbildungszentrum und dem Service Generationen eine Veranstaltungsreihe entwickelt, die gerade \u00e4ltere Menschen unterst\u00fctzen m\u00f6chte, sich in der neuen digitalen Alltagswelt zurecht zu finden.<\/p>\n\n\n\n<p>QUELLE: STADTVERWALTUNG<\/p>\n","protected":false},"excerpt":{"rendered":"<div class=\"mh-excerpt\"><p>Am 19. August 2025, in der Zeit von 10 Uhr bis 12 Uhr, werden in der Bibliothek am Puschkinplatz die vielf\u00e4ltigen M\u00f6glichkeiten von K\u00fcnstlicher Intelligenz (KI) im Alltag f\u00fcr Senioren vorgestellt. Ziel ist es, \u00e4lteren <a class=\"mh-excerpt-more\" href=\"https:\/\/www.studiogera.de\/001\/2025\/08\/18\/wie-senioren-mit-ki-ihren-alltag-erleichtern-koennen\/\" title=\"WIE SENIOREN MIT KI IHREN ALLTAG ERLEICHTERN K\u00d6NNEN\">[&#8230;]<\/a><\/p>\n<\/div>","protected":false},"author":3,"featured_media":33429,"comment_status":"open","ping_status":"open","sticky":false,"template":"","format":"standard","meta":{"footnotes":""},"categories":[17],"tags":[],"class_list":{"0":"post-38563","1":"post","2":"type-post","3":"status-publish","4":"format-standard","5":"has-post-thumbnail","7":"category-medien"},"_links":{"self":[{"href":"https:\/\/www.studiogera.de\/001\/wp-json\/wp\/v2\/posts\/38563","targetHints":{"allow":["GET"]}}],"collection":[{"href":"https:\/\/www.studiogera.de\/001\/wp-json\/wp\/v2\/posts"}],"about":[{"href":"https:\/\/www.studiogera.de\/001\/wp-json\/wp\/v2\/types\/post"}],"author":[{"embeddable":true,"href":"https:\/\/www.studiogera.de\/001\/wp-json\/wp\/v2\/users\/3"}],"replies":[{"embeddable":true,"href":"https:\/\/www.studiogera.de\/001\/wp-json\/wp\/v2\/comments?post=38563"}],"version-history":[{"count":2,"href":"https:\/\/www.studiogera.de\/001\/wp-json\/wp\/v2\/posts\/38563\/revisions"}],"predecessor-version":[{"id":38565,"href":"https:\/\/www.studiogera.de\/001\/wp-json\/wp\/v2\/posts\/38563\/revisions\/38565"}],"wp:featuredmedia":[{"embeddable":true,"href":"https:\/\/www.studiogera.de\/001\/wp-json\/wp\/v2\/media\/33429"}],"wp:attachment":[{"href":"https:\/\/www.studiogera.de\/001\/wp-json\/wp\/v2\/media?parent=38563"}],"wp:term":[{"taxonomy":"category","embeddable":true,"href":"https:\/\/www.studiogera.de\/001\/wp-json\/wp\/v2\/categories?post=38563"},{"taxonomy":"post_tag","embeddable":true,"href":"https:\/\/www.studiogera.de\/001\/wp-json\/wp\/v2\/tags?post=38563"}],"curies":[{"name":"wp","href":"https:\/\/api.w.org\/{rel}","templated":true}]}}